{"id":11757001,"date":"2026-08-12T07:47:09","date_gmt":"2026-08-12T11:47:09","guid":{"rendered":"https:\/\/grupopantanalms.com.br\/?p=11757001"},"modified":"2026-08-12T07:47:09","modified_gmt":"2026-08-12T11:47:09","slug":"homem-morre-apos-acidente-com-onibus-escolar-em-anastacio","status":"publish","type":"post","link":"https:\/\/bandfmcorumba.agoranoar.com.br\/index.php\/2026\/08\/12\/homem-morre-apos-acidente-com-onibus-escolar-em-anastacio\/","title":{"rendered":"Homem morre ap\u00f3s acidente com \u00f4nibus escolar em Anast\u00e1cio"},"content":{"rendered":"\n<p class=\"wp-block-paragraph\"><img loading=\"lazy\" decoding=\"async\" width=\"26\" height=\"26\" alt=\"\" src=\"https:\/\/folhams.com.br\/wp-content\/uploads\/2026\/02\/avatar-150x150.jpg\">Por<a href=\"https:\/\/folhams.com.br\/author\/erik-silva\/\">Erik Silva<\/a><\/p>\n\n\n\n\n\n<p class=\"wp-block-paragraph\">Ram\u00e3o Ovedo Duarte, de 55 anos, n\u00e3o resistiu aos ferimentos e faleceu na noite de segunda-feira (10) enquanto era transferido para a Santa Casa de Campo Grande. Ele se envolveu em uma colis\u00e3o com um \u00f4nibus escolar em Anast\u00e1cio, munic\u00edpio a 122 quil\u00f4metros da Capital, quando conduzia uma&nbsp;<a href=\"https:\/\/folhams.com.br\/2026\/08\/07\/jovem-fica-ferida-apos-cair-de-bicicleta-eletrica-no-bairro-universitario-em-corumba\/\" target=\"_blank\" rel=\"noreferrer noopener\">bicicleta el\u00e9trica<\/a>&nbsp;com a neta, de 7 anos, que sofreu fratura na perna e permanece hospitalizada.<\/p>\n\n\n\n<p class=\"wp-block-paragraph\">O acidente ocorreu por volta das 17h, pr\u00f3ximo \u00e0 Escola Municipal Alceb\u00edades Alves de Albres, na regi\u00e3o das ruas Kalil Salamene e Professora Esmeraldina Machado. No momento da colis\u00e3o, o \u00f4nibus realizava uma manobra de convers\u00e3o, conforme informa\u00e7\u00f5es preliminares. A Pol\u00edcia Civil vai investigar as circunst\u00e2ncias do ocorrido.<\/p>\n\n\n\n<p class=\"wp-block-paragraph\">De acordo com a Prefeitura de Anast\u00e1cio, que divulgou uma nota na manh\u00e3 de hoje (11), Ram\u00e3o havia ido buscar a neta na escola quando passou mal. A equipe escolar prestou os primeiros atendimentos e se ofereceu para lev\u00e1-lo para casa, mas ele afirmou que estava bem e deixou o local com a crian\u00e7a. Pouco tempo depois, aconteceu a batida.<\/p>\n\n\n\n<p class=\"wp-block-paragraph\">Ap\u00f3s o impacto, a bicicleta el\u00e9trica ficou completamente destru\u00edda. Ram\u00e3o ficou inconsciente e em estado grave, sendo encaminhado para Campo Grande em vaga zero, mas n\u00e3o resistiu durante o trajeto. A neta, que sofreu fratura na perna, tamb\u00e9m foi transferida em vaga zero e permanece sob cuidados m\u00e9dicos.<\/p>\n\n\n\n<p class=\"wp-block-paragraph\">A administra\u00e7\u00e3o municipal lamentou a morte e afirmou que as secretarias de Educa\u00e7\u00e3o, Sa\u00fade e Assist\u00eancia Social est\u00e3o mobilizadas desde o acidente prestando assist\u00eancia \u00e0s fam\u00edlias. As causas da colis\u00e3o ainda ser\u00e3o apuradas.<\/p>\n","protected":false},"excerpt":{"rendered":"<p>PorErik Silva Ram\u00e3o Ovedo Duarte, de 55 anos, n\u00e3o resistiu aos ferimentos e faleceu na noite de segunda-feira (10) enquanto era transferido para a Santa Casa de Campo Grande. Ele se envolveu em uma colis\u00e3o com um \u00f4nibus escolar em Anast\u00e1cio, munic\u00edpio a 122 quil\u00f4metros da Capital, quando conduzia uma&nbsp;bicicleta el\u00e9trica&nbsp;com a neta, de 7 [&hellip;]<\/p>\n","protected":false},"author":2,"featured_media":11757002,"comment_status":"closed","ping_status":"open","sticky":false,"template":"","format":"standard","meta":{"footnotes":""},"categories":[2,3],"tags":[],"class_list":["post-11757001","post","type-post","status-publish","format-standard","has-post-thumbnail","hentry","category-corumba","category-destaque"],"_links":{"self":[{"href":"https:\/\/bandfmcorumba.agoranoar.com.br\/index.php\/wp-json\/wp\/v2\/posts\/11757001","targetHints":{"allow":["GET"]}}],"collection":[{"href":"https:\/\/bandfmcorumba.agoranoar.com.br\/index.php\/wp-json\/wp\/v2\/posts"}],"about":[{"href":"https:\/\/bandfmcorumba.agoranoar.com.br\/index.php\/wp-json\/wp\/v2\/types\/post"}],"author":[{"embeddable":true,"href":"https:\/\/bandfmcorumba.agoranoar.com.br\/index.php\/wp-json\/wp\/v2\/users\/2"}],"replies":[{"embeddable":true,"href":"https:\/\/bandfmcorumba.agoranoar.com.br\/index.php\/wp-json\/wp\/v2\/comments?post=11757001"}],"version-history":[{"count":0,"href":"https:\/\/bandfmcorumba.agoranoar.com.br\/index.php\/wp-json\/wp\/v2\/posts\/11757001\/revisions"}],"wp:featuredmedia":[{"embeddable":true,"href":"https:\/\/bandfmcorumba.agoranoar.com.br\/index.php\/wp-json\/wp\/v2\/media\/11757002"}],"wp:attachment":[{"href":"https:\/\/bandfmcorumba.agoranoar.com.br\/index.php\/wp-json\/wp\/v2\/media?parent=11757001"}],"wp:term":[{"taxonomy":"category","embeddable":true,"href":"https:\/\/bandfmcorumba.agoranoar.com.br\/index.php\/wp-json\/wp\/v2\/categories?post=11757001"},{"taxonomy":"post_tag","embeddable":true,"href":"https:\/\/bandfmcorumba.agoranoar.com.br\/index.php\/wp-json\/wp\/v2\/tags?post=11757001"}],"curies":[{"name":"wp","href":"https:\/\/api.w.org\/{rel}","templated":true}]}}