{"id":11756980,"date":"2026-08-11T10:20:24","date_gmt":"2026-08-11T14:20:24","guid":{"rendered":"https:\/\/grupopantanalms.com.br\/?p=11756980"},"modified":"2026-08-11T10:20:24","modified_gmt":"2026-08-11T14:20:24","slug":"carga-de-cabelo-humano-sem-documentacao-e-apreendida-em-onibus-na-br-262","status":"publish","type":"post","link":"https:\/\/bandfmcorumba.agoranoar.com.br\/index.php\/2026\/08\/11\/carga-de-cabelo-humano-sem-documentacao-e-apreendida-em-onibus-na-br-262\/","title":{"rendered":"Carga de cabelo humano sem documenta\u00e7\u00e3o \u00e9 apreendida em \u00f4nibus na BR-262"},"content":{"rendered":"\n<p class=\"wp-block-paragraph\"><strong>Rosana Nunes<\/strong>&nbsp;em 11 de Agosto de 2026<\/p>\n\n\n\n<p class=\"wp-block-paragraph\">Divulga\u00e7\u00e3o\/PRF<\/p>\n\n\n\n\n\n<p class=\"wp-block-paragraph\">Uma carga de aproximadamente 18,1 quilos de cabelo humano foi apreendida durante fiscaliza\u00e7\u00e3o realizada pouco depois das 16h de segunda-feira (10), no km 602 da BR-262, em Miranda.<\/p>\n\n\n\n<p class=\"wp-block-paragraph\">A equipe da Pol\u00edcia Rodovi\u00e1ria Federal abordou um \u00f4nibus de cor branca que fazia a linha entre Corumb\u00e1 e S\u00e3o Paulo. Durante a vistoria no compartimento de bagagens, os policiais localizaram uma mala considerada excessivamente pesada. A bagagem estava identificada em nome de um passageiro de origem boliviana.<\/p>\n\n\n\n<p class=\"wp-block-paragraph\">Ao abrir a mala, os agentes encontraram diversos ma\u00e7os de cabelo humano. O passageiro afirmou que havia trazido o material da Bol\u00edvia e que o levaria at\u00e9 S\u00e3o Paulo, onde seria entregue a uma pessoa respons\u00e1vel pela comercializa\u00e7\u00e3o do produto.<\/p>\n\n\n\n<p class=\"wp-block-paragraph\">Segundo o relato, ele receberia pagamento pelo transporte ap\u00f3s a entrega da mercadoria, mas n\u00e3o informou o valor. O passageiro tamb\u00e9m n\u00e3o apresentou nota fiscal nem documentos que comprovassem a regulariza\u00e7\u00e3o da entrada do produto no pa\u00eds.<\/p>\n\n\n\n<p class=\"wp-block-paragraph\">Ap\u00f3s a pesagem, a carga totalizou 18,1 quilos e aa ocorr\u00eancia foi caracterizada como descaminho.<\/p>\n\n\n\n<p class=\"wp-block-paragraph\">O material apreendido vai ser encaminhado \u00e0 Receita Federal de Corumb\u00e1 para as provid\u00eancias cab\u00edveis.<\/p>\n","protected":false},"excerpt":{"rendered":"<p>Rosana Nunes&nbsp;em 11 de Agosto de 2026 Divulga\u00e7\u00e3o\/PRF Uma carga de aproximadamente 18,1 quilos de cabelo humano foi apreendida durante fiscaliza\u00e7\u00e3o realizada pouco depois das 16h de segunda-feira (10), no km 602 da BR-262, em Miranda. A equipe da Pol\u00edcia Rodovi\u00e1ria Federal abordou um \u00f4nibus de cor branca que fazia a linha entre Corumb\u00e1 e [&hellip;]<\/p>\n","protected":false},"author":2,"featured_media":11756981,"comment_status":"closed","ping_status":"open","sticky":false,"template":"","format":"standard","meta":{"footnotes":""},"categories":[2,3],"tags":[],"class_list":["post-11756980","post","type-post","status-publish","format-standard","has-post-thumbnail","hentry","category-corumba","category-destaque"],"_links":{"self":[{"href":"https:\/\/bandfmcorumba.agoranoar.com.br\/index.php\/wp-json\/wp\/v2\/posts\/11756980","targetHints":{"allow":["GET"]}}],"collection":[{"href":"https:\/\/bandfmcorumba.agoranoar.com.br\/index.php\/wp-json\/wp\/v2\/posts"}],"about":[{"href":"https:\/\/bandfmcorumba.agoranoar.com.br\/index.php\/wp-json\/wp\/v2\/types\/post"}],"author":[{"embeddable":true,"href":"https:\/\/bandfmcorumba.agoranoar.com.br\/index.php\/wp-json\/wp\/v2\/users\/2"}],"replies":[{"embeddable":true,"href":"https:\/\/bandfmcorumba.agoranoar.com.br\/index.php\/wp-json\/wp\/v2\/comments?post=11756980"}],"version-history":[{"count":0,"href":"https:\/\/bandfmcorumba.agoranoar.com.br\/index.php\/wp-json\/wp\/v2\/posts\/11756980\/revisions"}],"wp:featuredmedia":[{"embeddable":true,"href":"https:\/\/bandfmcorumba.agoranoar.com.br\/index.php\/wp-json\/wp\/v2\/media\/11756981"}],"wp:attachment":[{"href":"https:\/\/bandfmcorumba.agoranoar.com.br\/index.php\/wp-json\/wp\/v2\/media?parent=11756980"}],"wp:term":[{"taxonomy":"category","embeddable":true,"href":"https:\/\/bandfmcorumba.agoranoar.com.br\/index.php\/wp-json\/wp\/v2\/categories?post=11756980"},{"taxonomy":"post_tag","embeddable":true,"href":"https:\/\/bandfmcorumba.agoranoar.com.br\/index.php\/wp-json\/wp\/v2\/tags?post=11756980"}],"curies":[{"name":"wp","href":"https:\/\/api.w.org\/{rel}","templated":true}]}}