{"id":11756977,"date":"2026-08-11T09:09:22","date_gmt":"2026-08-11T13:09:22","guid":{"rendered":"https:\/\/grupopantanalms.com.br\/?p=11756977"},"modified":"2026-08-11T09:09:22","modified_gmt":"2026-08-11T13:09:22","slug":"projeto-saude-pantaneira-leva-atendimento-ao-passo-do-lontra","status":"publish","type":"post","link":"https:\/\/bandfmcorumba.agoranoar.com.br\/index.php\/2026\/08\/11\/projeto-saude-pantaneira-leva-atendimento-ao-passo-do-lontra\/","title":{"rendered":"Projeto Sa\u00fade Pantaneira leva atendimento ao Passo do Lontra"},"content":{"rendered":"\n<p class=\"wp-block-paragraph\"><img loading=\"lazy\" decoding=\"async\" width=\"26\" height=\"26\" alt=\"Lucas Meirelles\" src=\"https:\/\/folhams.com.br\/wp-content\/uploads\/2026\/02\/lucas-meirelles-150x150.webp\">Por<a href=\"https:\/\/folhams.com.br\/author\/lucas-meirelles\/\">Lucas Meirelles<\/a>11 de agosto de 2026<\/p>\n\n\n\n\n\n<p class=\"wp-block-paragraph\">Neste fim de semana a Base de Estudos do Pantanal da UFMS receber\u00e1 atendimentos coordenados pelo projeto Sa\u00fade Pantaneira voltados a residentes do Passo do Lontra e de comunidades da Nhecol\u00e2ndia.<\/p>\n\n\n\n<p class=\"wp-block-paragraph\">O objetivo central \u00e9 ampliar o acesso da popula\u00e7\u00e3o pantaneira aos servi\u00e7os de sa\u00fade, reunindo em um \u00fanico espa\u00e7o profissionais de diferentes \u00e1reas para reduzir barreiras de deslocamento das comunidades da regi\u00e3o.<\/p>\n\n\n\n<h3 class=\"wp-block-heading\">Atendimentos programados para s\u00e1bado<\/h3>\n\n\n\n<p class=\"wp-block-paragraph\">No s\u00e1bado, 15, os servi\u00e7os odontol\u00f3gicos ocorrer\u00e3o das 7h30 \u00e0s 18h. No mesmo dia, entre 8h e 13h, a popula\u00e7\u00e3o contar\u00e1 tamb\u00e9m com atendimento m\u00e9dico, de enfermagem e farmac\u00eautico, al\u00e9m de vacina\u00e7\u00e3o.<\/p>\n\n\n\n<h3 class=\"wp-block-heading\">Continuidade no domingo<\/h3>\n\n\n\n<p class=\"wp-block-paragraph\">No domingo, 16, os atendimentos odontol\u00f3gicos ter\u00e3o sequ\u00eancia das 7h30 \u00e0s 11h, mantendo a oferta concentrada de cuidados que a iniciativa prop\u00f5e.<\/p>\n\n\n\n<p class=\"wp-block-paragraph\">De acordo com informa\u00e7\u00f5es do projeto, a a\u00e7\u00e3o considera as particularidades do Pantanal e os desafios enfrentados pela popula\u00e7\u00e3o para se deslocar, buscando facilitar o acesso aos cuidados de sa\u00fade para as comunidades locais.<\/p>\n\n\n\n<p class=\"wp-block-paragraph\">A iniciativa acontece na Base de Estudos do Pantanal da UFMS e re\u00fane diferentes modalidades de aten\u00e7\u00e3o \u00e0 sa\u00fade em um \u00fanico ponto, com a finalidade de atender moradores das comunidades pantaneiras da regi\u00e3o da Nhecol\u00e2ndia e do Passo do Lontra.<\/p>\n","protected":false},"excerpt":{"rendered":"<p>PorLucas Meirelles11 de agosto de 2026 Neste fim de semana a Base de Estudos do Pantanal da UFMS receber\u00e1 atendimentos coordenados pelo projeto Sa\u00fade Pantaneira voltados a residentes do Passo do Lontra e de comunidades da Nhecol\u00e2ndia. O objetivo central \u00e9 ampliar o acesso da popula\u00e7\u00e3o pantaneira aos servi\u00e7os de sa\u00fade, reunindo em um \u00fanico [&hellip;]<\/p>\n","protected":false},"author":2,"featured_media":11756978,"comment_status":"closed","ping_status":"open","sticky":false,"template":"","format":"standard","meta":{"footnotes":""},"categories":[4],"tags":[],"class_list":["post-11756977","post","type-post","status-publish","format-standard","has-post-thumbnail","hentry","category-saude"],"_links":{"self":[{"href":"https:\/\/bandfmcorumba.agoranoar.com.br\/index.php\/wp-json\/wp\/v2\/posts\/11756977","targetHints":{"allow":["GET"]}}],"collection":[{"href":"https:\/\/bandfmcorumba.agoranoar.com.br\/index.php\/wp-json\/wp\/v2\/posts"}],"about":[{"href":"https:\/\/bandfmcorumba.agoranoar.com.br\/index.php\/wp-json\/wp\/v2\/types\/post"}],"author":[{"embeddable":true,"href":"https:\/\/bandfmcorumba.agoranoar.com.br\/index.php\/wp-json\/wp\/v2\/users\/2"}],"replies":[{"embeddable":true,"href":"https:\/\/bandfmcorumba.agoranoar.com.br\/index.php\/wp-json\/wp\/v2\/comments?post=11756977"}],"version-history":[{"count":0,"href":"https:\/\/bandfmcorumba.agoranoar.com.br\/index.php\/wp-json\/wp\/v2\/posts\/11756977\/revisions"}],"wp:featuredmedia":[{"embeddable":true,"href":"https:\/\/bandfmcorumba.agoranoar.com.br\/index.php\/wp-json\/wp\/v2\/media\/11756978"}],"wp:attachment":[{"href":"https:\/\/bandfmcorumba.agoranoar.com.br\/index.php\/wp-json\/wp\/v2\/media?parent=11756977"}],"wp:term":[{"taxonomy":"category","embeddable":true,"href":"https:\/\/bandfmcorumba.agoranoar.com.br\/index.php\/wp-json\/wp\/v2\/categories?post=11756977"},{"taxonomy":"post_tag","embeddable":true,"href":"https:\/\/bandfmcorumba.agoranoar.com.br\/index.php\/wp-json\/wp\/v2\/tags?post=11756977"}],"curies":[{"name":"wp","href":"https:\/\/api.w.org\/{rel}","templated":true}]}}