{"id":11756951,"date":"2026-08-10T09:23:25","date_gmt":"2026-08-10T13:23:25","guid":{"rendered":"https:\/\/grupopantanalms.com.br\/?p=11756951"},"modified":"2026-08-10T09:23:25","modified_gmt":"2026-08-10T13:23:25","slug":"tjms-suspende-expediente-regular-por-dois-dias-e-mantem-regime-de-plantao","status":"publish","type":"post","link":"https:\/\/bandfmcorumba.agoranoar.com.br\/index.php\/2026\/08\/10\/tjms-suspende-expediente-regular-por-dois-dias-e-mantem-regime-de-plantao\/","title":{"rendered":"TJMS suspende expediente regular por dois dias e mant\u00e9m regime de plant\u00e3o"},"content":{"rendered":"\n<p class=\"wp-block-paragraph\"><strong>Rosana Nunes<\/strong>&nbsp;em 10 de Agosto de 2026<\/p>\n\n\n\n<p class=\"wp-block-paragraph\">Anderson Gallo\/Arquivo Di\u00e1rio Corumbaense<\/p>\n\n\n\n\n\n<p class=\"wp-block-paragraph\">O Tribunal de Justi\u00e7a de Mato Grosso do Sul (TJMS) tem o funcionamento regular suspenso nesta segunda-feira (10) e ter\u00e7a-feira (11), em raz\u00e3o do feriado da Institui\u00e7\u00e3o dos Cursos Jur\u00eddicos e do ponto facultativo previsto para o per\u00edodo. A medida abrange tanto a primeira quanto a segunda inst\u00e2ncias da Justi\u00e7a estadual.<\/p>\n\n\n\n<p class=\"wp-block-paragraph\">Nestes dois dias, o atendimento ser\u00e1 mantido em regime de plant\u00e3o, exclusivamente para situa\u00e7\u00f5es consideradas urgentes e que n\u00e3o possam esperar pelo retorno do expediente normal.<\/p>\n\n\n\n<p class=\"wp-block-paragraph\">Na primeira inst\u00e2ncia, o plant\u00e3o come\u00e7ou \u00e0s 19h de sexta-feira (7) e permanecer\u00e1 ativo at\u00e9 as 12h de quarta-feira (12), quando o atendimento regular ser\u00e1 retomado. J\u00e1 no segundo grau, o expediente volta a funcionar normalmente a partir das 7h de quarta-feira.<\/p>\n\n\n\n<p class=\"wp-block-paragraph\">Entre as situa\u00e7\u00f5es que podem ser encaminhadas durante o plant\u00e3o est\u00e3o pedidos de habeas corpus e mandados de seguran\u00e7a, al\u00e9m de medidas protetivas previstas pela Lei Maria da Penha. Tamb\u00e9m ser\u00e3o recebidas comunica\u00e7\u00f5es de pris\u00e3o em flagrante e solicita\u00e7\u00f5es relacionadas \u00e0 liberdade provis\u00f3ria, pris\u00e3o preventiva ou tempor\u00e1ria.<\/p>\n\n\n\n<p class=\"wp-block-paragraph\">Casos que exigem exame de corpo de delito, medidas cautelares de busca e apreens\u00e3o de pessoas ou bens e outras provid\u00eancias urgentes nas \u00e1reas c\u00edvel e criminal tamb\u00e9m poder\u00e3o ser avaliados pelos plantonistas.<\/p>\n\n\n\n<p class=\"wp-block-paragraph\">O TJMS ressalta, por\u00e9m, que o plant\u00e3o n\u00e3o substitui o atendimento ordin\u00e1rio. Processos e solicita\u00e7\u00f5es que poderiam ter sido apresentados durante o hor\u00e1rio normal de funcionamento n\u00e3o ser\u00e3o analisados nesse per\u00edodo.<\/p>\n\n\n\n<p class=\"wp-block-paragraph\">Para garantir a presta\u00e7\u00e3o jurisdicional nas situa\u00e7\u00f5es emergenciais, magistrados, analistas judici\u00e1rios e oficiais de Justi\u00e7a permanecer\u00e3o de prontid\u00e3o no Tribunal de Justi\u00e7a, no F\u00f3rum de Campo Grande e nas demais comarcas do Estado.<\/p>\n\n\n\n<p class=\"wp-block-paragraph\"><em>Com informa\u00e7\u00f5es do TJMS.<\/em><\/p>\n","protected":false},"excerpt":{"rendered":"<p>Rosana Nunes&nbsp;em 10 de Agosto de 2026 Anderson Gallo\/Arquivo Di\u00e1rio Corumbaense O Tribunal de Justi\u00e7a de Mato Grosso do Sul (TJMS) tem o funcionamento regular suspenso nesta segunda-feira (10) e ter\u00e7a-feira (11), em raz\u00e3o do feriado da Institui\u00e7\u00e3o dos Cursos Jur\u00eddicos e do ponto facultativo previsto para o per\u00edodo. A medida abrange tanto a primeira [&hellip;]<\/p>\n","protected":false},"author":2,"featured_media":11756952,"comment_status":"closed","ping_status":"open","sticky":false,"template":"","format":"standard","meta":{"footnotes":""},"categories":[2,3],"tags":[],"class_list":["post-11756951","post","type-post","status-publish","format-standard","has-post-thumbnail","hentry","category-corumba","category-destaque"],"_links":{"self":[{"href":"https:\/\/bandfmcorumba.agoranoar.com.br\/index.php\/wp-json\/wp\/v2\/posts\/11756951","targetHints":{"allow":["GET"]}}],"collection":[{"href":"https:\/\/bandfmcorumba.agoranoar.com.br\/index.php\/wp-json\/wp\/v2\/posts"}],"about":[{"href":"https:\/\/bandfmcorumba.agoranoar.com.br\/index.php\/wp-json\/wp\/v2\/types\/post"}],"author":[{"embeddable":true,"href":"https:\/\/bandfmcorumba.agoranoar.com.br\/index.php\/wp-json\/wp\/v2\/users\/2"}],"replies":[{"embeddable":true,"href":"https:\/\/bandfmcorumba.agoranoar.com.br\/index.php\/wp-json\/wp\/v2\/comments?post=11756951"}],"version-history":[{"count":0,"href":"https:\/\/bandfmcorumba.agoranoar.com.br\/index.php\/wp-json\/wp\/v2\/posts\/11756951\/revisions"}],"wp:featuredmedia":[{"embeddable":true,"href":"https:\/\/bandfmcorumba.agoranoar.com.br\/index.php\/wp-json\/wp\/v2\/media\/11756952"}],"wp:attachment":[{"href":"https:\/\/bandfmcorumba.agoranoar.com.br\/index.php\/wp-json\/wp\/v2\/media?parent=11756951"}],"wp:term":[{"taxonomy":"category","embeddable":true,"href":"https:\/\/bandfmcorumba.agoranoar.com.br\/index.php\/wp-json\/wp\/v2\/categories?post=11756951"},{"taxonomy":"post_tag","embeddable":true,"href":"https:\/\/bandfmcorumba.agoranoar.com.br\/index.php\/wp-json\/wp\/v2\/tags?post=11756951"}],"curies":[{"name":"wp","href":"https:\/\/api.w.org\/{rel}","templated":true}]}}