{"id":11756911,"date":"2026-08-07T14:28:17","date_gmt":"2026-08-07T18:28:17","guid":{"rendered":"https:\/\/grupopantanalms.com.br\/?p=11756911"},"modified":"2026-08-07T14:28:17","modified_gmt":"2026-08-07T18:28:17","slug":"policia-civil-de-ladario-incinera-230-kg-de-cocaina-pasta-base-e-maconha","status":"publish","type":"post","link":"https:\/\/bandfmcorumba.agoranoar.com.br\/index.php\/2026\/08\/07\/policia-civil-de-ladario-incinera-230-kg-de-cocaina-pasta-base-e-maconha\/","title":{"rendered":"Pol\u00edcia Civil de Lad\u00e1rio incinera 230 kg de coca\u00edna, pasta base e maconha"},"content":{"rendered":"\n<p class=\"wp-block-paragraph\"><strong>Leonardo Cabral<\/strong>&nbsp;em 07 de Agosto de 2026<\/p>\n\n\n\n<p class=\"wp-block-paragraph\">Di\u00e1rio Corumbaense<\/p>\n\n\n\n\n\n<p class=\"wp-block-paragraph\">A Delegacia de Pol\u00edcia Civil de Lad\u00e1rio realizou, na quinta-feira (6), a incinera\u00e7\u00e3o de aproximadamente 230 quilos de entorpecentes. Entre as drogas destru\u00eddas estavam coca\u00edna, pasta base e maconha.<\/p>\n\n\n\n<p class=\"wp-block-paragraph\">Ao&nbsp;<strong>Di\u00e1rio Corumbaense<\/strong>, o delegado titular de Lad\u00e1rio, Jean Castro, informou que os entorpecentes s\u00e3o provenientes de apreens\u00f5es realizadas durante o primeiro semestre deste ano.<\/p>\n\n\n\n<p class=\"wp-block-paragraph\">Segundo o delegado, a maior parte das drogas foi apreendida no Posto Fiscal Lampi\u00e3o Aceso, na BR-262, durante opera\u00e7\u00f5es conjuntas com outras for\u00e7as de seguran\u00e7a.<\/p>\n\n\n\n<p class=\"wp-block-paragraph\">\u201cGrande parte dos entorpecentes foi apreendida com passageiros de \u00f4nibus interestaduais abordados durante fiscaliza\u00e7\u00f5es. As drogas foram encontradas durante as revistas, resultado do trabalho integrado das for\u00e7as de seguran\u00e7a. Seguimos intensificando opera\u00e7\u00f5es e barreiras policiais para combater o tr\u00e1fico de drogas em nossa regi\u00e3o\u201d, afirmou Jean Castro.<\/p>\n\n\n\n<p class=\"wp-block-paragraph\">A incinera\u00e7\u00e3o foi realizada nos fornos da usina Granha Ligas, no bairro Industrial, cuja temperatura m\u00e9dia atinge cerca de 750\u00b0C, garantindo a destrui\u00e7\u00e3o completa dos entorpecentes.<\/p>\n\n\n\n<p class=\"wp-block-paragraph\">O procedimento foi acompanhado por equipes da Unidade Regional de Per\u00edcia Cient\u00edfica de Corumb\u00e1, da Vigil\u00e2ncia Sanit\u00e1ria e por um representante do Minist\u00e9rio P\u00fablico, conforme determina a legisla\u00e7\u00e3o.<\/p>\n\n\n\n<p class=\"wp-block-paragraph\">A Pol\u00edcia Civil tamb\u00e9m disponibiliza o servi\u00e7o de disque den\u00fancia para informa\u00e7\u00f5es sobre crimes e tr\u00e1fico de drogas. As den\u00fancias podem ser feitas pelo telefone&nbsp;<strong>(67) 3226-1090<\/strong>, com garantia de sigilo da identidade do denunciante.<\/p>\n","protected":false},"excerpt":{"rendered":"<p>Leonardo Cabral&nbsp;em 07 de Agosto de 2026 Di\u00e1rio Corumbaense A Delegacia de Pol\u00edcia Civil de Lad\u00e1rio realizou, na quinta-feira (6), a incinera\u00e7\u00e3o de aproximadamente 230 quilos de entorpecentes. Entre as drogas destru\u00eddas estavam coca\u00edna, pasta base e maconha. Ao&nbsp;Di\u00e1rio Corumbaense, o delegado titular de Lad\u00e1rio, Jean Castro, informou que os entorpecentes s\u00e3o provenientes de apreens\u00f5es [&hellip;]<\/p>\n","protected":false},"author":2,"featured_media":11756912,"comment_status":"closed","ping_status":"open","sticky":false,"template":"","format":"standard","meta":{"footnotes":""},"categories":[2,3],"tags":[],"class_list":["post-11756911","post","type-post","status-publish","format-standard","has-post-thumbnail","hentry","category-corumba","category-destaque"],"_links":{"self":[{"href":"https:\/\/bandfmcorumba.agoranoar.com.br\/index.php\/wp-json\/wp\/v2\/posts\/11756911","targetHints":{"allow":["GET"]}}],"collection":[{"href":"https:\/\/bandfmcorumba.agoranoar.com.br\/index.php\/wp-json\/wp\/v2\/posts"}],"about":[{"href":"https:\/\/bandfmcorumba.agoranoar.com.br\/index.php\/wp-json\/wp\/v2\/types\/post"}],"author":[{"embeddable":true,"href":"https:\/\/bandfmcorumba.agoranoar.com.br\/index.php\/wp-json\/wp\/v2\/users\/2"}],"replies":[{"embeddable":true,"href":"https:\/\/bandfmcorumba.agoranoar.com.br\/index.php\/wp-json\/wp\/v2\/comments?post=11756911"}],"version-history":[{"count":0,"href":"https:\/\/bandfmcorumba.agoranoar.com.br\/index.php\/wp-json\/wp\/v2\/posts\/11756911\/revisions"}],"wp:featuredmedia":[{"embeddable":true,"href":"https:\/\/bandfmcorumba.agoranoar.com.br\/index.php\/wp-json\/wp\/v2\/media\/11756912"}],"wp:attachment":[{"href":"https:\/\/bandfmcorumba.agoranoar.com.br\/index.php\/wp-json\/wp\/v2\/media?parent=11756911"}],"wp:term":[{"taxonomy":"category","embeddable":true,"href":"https:\/\/bandfmcorumba.agoranoar.com.br\/index.php\/wp-json\/wp\/v2\/categories?post=11756911"},{"taxonomy":"post_tag","embeddable":true,"href":"https:\/\/bandfmcorumba.agoranoar.com.br\/index.php\/wp-json\/wp\/v2\/tags?post=11756911"}],"curies":[{"name":"wp","href":"https:\/\/api.w.org\/{rel}","templated":true}]}}