{"id":11756901,"date":"2026-08-06T10:18:28","date_gmt":"2026-08-06T14:18:28","guid":{"rendered":"https:\/\/grupopantanalms.com.br\/?p=11756901"},"modified":"2026-08-06T10:18:28","modified_gmt":"2026-08-06T14:18:28","slug":"bolivia-incendio-atinge-maior-feira-popular-de-santa-cruz-de-la-sierra","status":"publish","type":"post","link":"https:\/\/bandfmcorumba.agoranoar.com.br\/index.php\/2026\/08\/06\/bolivia-incendio-atinge-maior-feira-popular-de-santa-cruz-de-la-sierra\/","title":{"rendered":"Bol\u00edvia: inc\u00eandio atinge maior feira popular de Santa Cruz de la Sierra"},"content":{"rendered":"\n<p class=\"wp-block-paragraph\"><strong>Leonardo Cabral<\/strong>&nbsp;em 06 de Agosto de 2026<\/p>\n\n\n\n<p class=\"wp-block-paragraph\">Reprodu\u00e7\u00e3o\/Unitel TV<\/p>\n\n\n\n\n\n<p class=\"wp-block-paragraph\">Um inc\u00eandio atinge, desde as 4h desta quinta-feira (6), a feira Barrio Lindo, em Santa Cruz de la Sierra, na Bol\u00edvia, cidade localizada a cerca de 650 quil\u00f4metros da fronteira com Corumb\u00e1. Equipes do Corpo de Bombeiros trabalham no combate \u00e0s chamas, que ainda est\u00e3o fora de controle e j\u00e1 destru\u00edram diversas lojas e mercadorias.<\/p>\n\n\n\n<p class=\"wp-block-paragraph\">O fogo se espalhou rapidamente por diferentes setores da feira. A principal preocupa\u00e7\u00e3o das equipes de emerg\u00eancia \u00e9 impedir que as chamas avancem para outras \u00e1reas do complexo comercial, formado por in\u00fameros pavilh\u00f5es e corredores.<\/p>\n\n\n\n<p class=\"wp-block-paragraph\">Entre os locais atingidos est\u00e3o lojas do grupo comercial Acronal, a cooperativa 19 de Noviembre, al\u00e9m da se\u00e7\u00e3o de m\u00f3veis e outros espa\u00e7os do movimentado centro de compras.<\/p>\n\n\n\n<p class=\"wp-block-paragraph\">Juan Carlos Torrej\u00f3n\/Jornal El Deber<img decoding=\"async\" src=\"https:\/\/www.diarionline.com.br\/i.php?i=static\/arquivo\/2026-08\/84f22f3a-3ddd-4b56-8778-9d27d8c1b9ea-c6ef.jpg&amp;w=753\"><\/p>\n\n\n\n<p class=\"wp-block-paragraph\">Comerciantes tentam retirar mercadorias em meio ao inc\u00eandioAssim que foram informados sobre o inc\u00eandio, comerciantes correram at\u00e9 a feira na tentativa de retirar mercadorias e evitar preju\u00edzos ainda maiores.<\/p>\n\n\n\n<p class=\"wp-block-paragraph\">Enquanto alguns conseguem resgatar produtos das barracas que ainda n\u00e3o foram afetadas pelo fogo, bombeiros seguem mobilizados.&nbsp;O Ministro da Defesa, Ernesto Justiniano, confirmou que dois helic\u00f3pteros das For\u00e7as Armadas e uma guarni\u00e7\u00e3o militar se juntar\u00e3o \u00e0s equipes de combate \u00e0s chamas.<\/p>\n\n\n\n<p class=\"wp-block-paragraph\">As autoridades bolivianas ainda n\u00e3o divulgaram as causas do inc\u00eandio nem informa\u00e7\u00f5es sobre poss\u00edveis v\u00edtimas.<\/p>\n\n\n\n<p class=\"wp-block-paragraph\"><strong>Polo comercial do pa\u00eds<\/strong><\/p>\n\n\n\n<p class=\"wp-block-paragraph\">Localizada na avenida Dr. Carmelo Ortiz Taborga, a feira Barrio Lindo \u00e9 considerada a maior feira popular de Santa Cruz e um dos principais polos comerciais da Bol\u00edvia.<\/p>\n\n\n\n<p class=\"wp-block-paragraph\">O espa\u00e7o \u00e9 conhecido pela grande variedade de produtos comercializados no atacado e no varejo, incluindo roupas, cal\u00e7ados, acess\u00f3rios, brinquedos, utilidades dom\u00e9sticas, eletr\u00f4nicos, m\u00f3veis, alimentos e diversos outros itens.<\/p>\n\n\n\n<p class=\"wp-block-paragraph\">Tradicionalmente, a feira funciona \u00e0s quartas-feiras e aos s\u00e1bados, com atividades iniciadas por volta das 4h e encerradas no in\u00edcio da tarde ou, em alguns setores, at\u00e9 as 21h30.<\/p>\n\n\n\n<p class=\"wp-block-paragraph\">O local tamb\u00e9m \u00e9 um dos destinos preferidos de compradores brasileiros, que frequentemente viajam at\u00e9 Santa Cruz de la Sierra em busca de produtos com pre\u00e7os mais competitivos.<\/p>\n\n\n\n<p class=\"wp-block-paragraph\"><em>Com informa\u00e7\u00f5es do jornal El Deber e Unitel TV.<\/em><\/p>\n","protected":false},"excerpt":{"rendered":"<p>Leonardo Cabral&nbsp;em 06 de Agosto de 2026 Reprodu\u00e7\u00e3o\/Unitel TV Um inc\u00eandio atinge, desde as 4h desta quinta-feira (6), a feira Barrio Lindo, em Santa Cruz de la Sierra, na Bol\u00edvia, cidade localizada a cerca de 650 quil\u00f4metros da fronteira com Corumb\u00e1. Equipes do Corpo de Bombeiros trabalham no combate \u00e0s chamas, que ainda est\u00e3o fora [&hellip;]<\/p>\n","protected":false},"author":2,"featured_media":11756902,"comment_status":"closed","ping_status":"open","sticky":false,"template":"","format":"standard","meta":{"footnotes":""},"categories":[6],"tags":[],"class_list":["post-11756901","post","type-post","status-publish","format-standard","has-post-thumbnail","hentry","category-internacional"],"_links":{"self":[{"href":"https:\/\/bandfmcorumba.agoranoar.com.br\/index.php\/wp-json\/wp\/v2\/posts\/11756901","targetHints":{"allow":["GET"]}}],"collection":[{"href":"https:\/\/bandfmcorumba.agoranoar.com.br\/index.php\/wp-json\/wp\/v2\/posts"}],"about":[{"href":"https:\/\/bandfmcorumba.agoranoar.com.br\/index.php\/wp-json\/wp\/v2\/types\/post"}],"author":[{"embeddable":true,"href":"https:\/\/bandfmcorumba.agoranoar.com.br\/index.php\/wp-json\/wp\/v2\/users\/2"}],"replies":[{"embeddable":true,"href":"https:\/\/bandfmcorumba.agoranoar.com.br\/index.php\/wp-json\/wp\/v2\/comments?post=11756901"}],"version-history":[{"count":0,"href":"https:\/\/bandfmcorumba.agoranoar.com.br\/index.php\/wp-json\/wp\/v2\/posts\/11756901\/revisions"}],"wp:featuredmedia":[{"embeddable":true,"href":"https:\/\/bandfmcorumba.agoranoar.com.br\/index.php\/wp-json\/wp\/v2\/media\/11756902"}],"wp:attachment":[{"href":"https:\/\/bandfmcorumba.agoranoar.com.br\/index.php\/wp-json\/wp\/v2\/media?parent=11756901"}],"wp:term":[{"taxonomy":"category","embeddable":true,"href":"https:\/\/bandfmcorumba.agoranoar.com.br\/index.php\/wp-json\/wp\/v2\/categories?post=11756901"},{"taxonomy":"post_tag","embeddable":true,"href":"https:\/\/bandfmcorumba.agoranoar.com.br\/index.php\/wp-json\/wp\/v2\/tags?post=11756901"}],"curies":[{"name":"wp","href":"https:\/\/api.w.org\/{rel}","templated":true}]}}