{"id":11756889,"date":"2026-08-06T08:09:43","date_gmt":"2026-08-06T12:09:43","guid":{"rendered":"https:\/\/grupopantanalms.com.br\/?p=11756889"},"modified":"2026-08-06T08:09:43","modified_gmt":"2026-08-06T12:09:43","slug":"jovem-de-22-anos-e-assassinada-em-aldeia-de-paranhos","status":"publish","type":"post","link":"https:\/\/bandfmcorumba.agoranoar.com.br\/index.php\/2026\/08\/06\/jovem-de-22-anos-e-assassinada-em-aldeia-de-paranhos\/","title":{"rendered":"Jovem de 22 anos \u00e9 assassinada em aldeia de Paranhos"},"content":{"rendered":"\n<p class=\"wp-block-paragraph\"><strong>Campo Grande News<\/strong>&nbsp;em 05 de Agosto de 2026<\/p>\n\n\n\n<p class=\"wp-block-paragraph\">Divulga\u00e7\u00e3o<\/p>\n\n\n\n\n\n<p class=\"wp-block-paragraph\">Uma jovem de 22 anos foi morta a facadas pelo companheiro durante a madrugada na Aldeia Arroyo, em Paranhos, munic\u00edpio localizado na fronteira com o Paraguai.&nbsp;<\/p>\n\n\n\n<p class=\"wp-block-paragraph\">Segundo informa\u00e7\u00f5es apuradas pela reportagem, a v\u00edtima foi identificada como Adriana Barrios. As equipes policiais foram acionadas nas primeiras horas da manh\u00e3, quando confirmaram a morte dela.<\/p>\n\n\n\n<p class=\"wp-block-paragraph\">O suspeito, de 27 anos, foi preso em flagrante pela Pol\u00edcia Civil e permanece \u00e0 disposi\u00e7\u00e3o da Justi\u00e7a. Ele confessou o crime e alegou motiva\u00e7\u00e3o passional, afirmando ter agido ap\u00f3s uma suposta trai\u00e7\u00e3o da v\u00edtima.<\/p>\n\n\n\n<p class=\"wp-block-paragraph\">Conforme a investiga\u00e7\u00e3o, n\u00e3o h\u00e1 registros de boletins de ocorr\u00eancia por viol\u00eancia dom\u00e9stica envolvendo o casal. A per\u00edcia esteve na aldeia para realizar os levantamentos t\u00e9cnicos que v\u00e3o auxiliar na investiga\u00e7\u00e3o.<\/p>\n\n\n\n<p class=\"wp-block-paragraph\">Com a pris\u00e3o em flagrante, o homem dever\u00e1 passar por audi\u00eancia de cust\u00f3dia e responder pelo crime. O caso segue sob investiga\u00e7\u00e3o da Pol\u00edcia Civil, que deve ouvir testemunhas para esclarecer a din\u00e2mica dos fatos.<\/p>\n\n\n\n<p class=\"wp-block-paragraph\">A morte da jovem faz Mato Grosso do Sul atingir a marca de 19 feminic\u00eddios registrados em 2026, mantendo em alta o n\u00famero de mulheres assassinadas em contexto de viol\u00eancia dom\u00e9stica e de g\u00eanero no Estado.<\/p>\n\n\n\n<p class=\"wp-block-paragraph\"><strong>A Central 180 funciona 24 horas, de gra\u00e7a, e a liga\u00e7\u00e3o pode ser an\u00f4nima. Em caso de emerg\u00eancia, procure a pol\u00edcia pelo 190. Viol\u00eancia contra mulheres, crian\u00e7as, idosos ou qualquer pessoa n\u00e3o pode ser silenciada.<\/strong><\/p>\n","protected":false},"excerpt":{"rendered":"<p>Campo Grande News&nbsp;em 05 de Agosto de 2026 Divulga\u00e7\u00e3o Uma jovem de 22 anos foi morta a facadas pelo companheiro durante a madrugada na Aldeia Arroyo, em Paranhos, munic\u00edpio localizado na fronteira com o Paraguai.&nbsp; Segundo informa\u00e7\u00f5es apuradas pela reportagem, a v\u00edtima foi identificada como Adriana Barrios. As equipes policiais foram acionadas nas primeiras horas [&hellip;]<\/p>\n","protected":false},"author":2,"featured_media":11756890,"comment_status":"closed","ping_status":"open","sticky":false,"template":"","format":"standard","meta":{"footnotes":""},"categories":[2,3],"tags":[],"class_list":["post-11756889","post","type-post","status-publish","format-standard","has-post-thumbnail","hentry","category-corumba","category-destaque"],"_links":{"self":[{"href":"https:\/\/bandfmcorumba.agoranoar.com.br\/index.php\/wp-json\/wp\/v2\/posts\/11756889","targetHints":{"allow":["GET"]}}],"collection":[{"href":"https:\/\/bandfmcorumba.agoranoar.com.br\/index.php\/wp-json\/wp\/v2\/posts"}],"about":[{"href":"https:\/\/bandfmcorumba.agoranoar.com.br\/index.php\/wp-json\/wp\/v2\/types\/post"}],"author":[{"embeddable":true,"href":"https:\/\/bandfmcorumba.agoranoar.com.br\/index.php\/wp-json\/wp\/v2\/users\/2"}],"replies":[{"embeddable":true,"href":"https:\/\/bandfmcorumba.agoranoar.com.br\/index.php\/wp-json\/wp\/v2\/comments?post=11756889"}],"version-history":[{"count":0,"href":"https:\/\/bandfmcorumba.agoranoar.com.br\/index.php\/wp-json\/wp\/v2\/posts\/11756889\/revisions"}],"wp:featuredmedia":[{"embeddable":true,"href":"https:\/\/bandfmcorumba.agoranoar.com.br\/index.php\/wp-json\/wp\/v2\/media\/11756890"}],"wp:attachment":[{"href":"https:\/\/bandfmcorumba.agoranoar.com.br\/index.php\/wp-json\/wp\/v2\/media?parent=11756889"}],"wp:term":[{"taxonomy":"category","embeddable":true,"href":"https:\/\/bandfmcorumba.agoranoar.com.br\/index.php\/wp-json\/wp\/v2\/categories?post=11756889"},{"taxonomy":"post_tag","embeddable":true,"href":"https:\/\/bandfmcorumba.agoranoar.com.br\/index.php\/wp-json\/wp\/v2\/tags?post=11756889"}],"curies":[{"name":"wp","href":"https:\/\/api.w.org\/{rel}","templated":true}]}}