{"id":11756886,"date":"2026-08-06T08:08:44","date_gmt":"2026-08-06T12:08:44","guid":{"rendered":"https:\/\/grupopantanalms.com.br\/?p=11756886"},"modified":"2026-08-06T08:08:44","modified_gmt":"2026-08-06T12:08:44","slug":"projeto-mediar-e-legal-chega-a-nove-regioes-de-corumba-em-agosto","status":"publish","type":"post","link":"https:\/\/bandfmcorumba.agoranoar.com.br\/index.php\/2026\/08\/06\/projeto-mediar-e-legal-chega-a-nove-regioes-de-corumba-em-agosto\/","title":{"rendered":"Projeto Mediar \u00e9 Legal chega a nove regi\u00f5es de Corumb\u00e1 em agosto"},"content":{"rendered":"\n<p class=\"wp-block-paragraph\"><strong>Da Reda\u00e7\u00e3o<\/strong>&nbsp;em 05 de Agosto de 2026<\/p>\n\n\n\n<p class=\"wp-block-paragraph\">Divulga\u00e7\u00e3o<\/p>\n\n\n\n\n\n<p class=\"wp-block-paragraph\">O projeto &#8220;<em>Mediar \u00e9 Legal<\/em>&#8220;, desenvolvido pelo Centro Judici\u00e1rio de Solu\u00e7\u00e3o de Conflitos e Cidadania (Cejusc) da comarca de Corumb\u00e1, prossegue neste m\u00eas com atendimentos gratuitos de media\u00e7\u00e3o e concilia\u00e7\u00e3o em bairros e comunidades urbanas e rurais de Corumb\u00e1 e Lad\u00e1rio. A pr\u00f3xima a\u00e7\u00e3o ser\u00e1 realizada no s\u00e1bado, 8 de agosto, \u00e0s 8h30, no bairro Guan\u00e3, na regi\u00e3o das proximidades do lix\u00e3o.<\/p>\n\n\n\n<p class=\"wp-block-paragraph\">A programa\u00e7\u00e3o tamb\u00e9m prev\u00ea atendimentos em 14 de agosto, \u00e0s 9h, durante o CRAS Itinerante, em Corumb\u00e1; em 15 de agosto, \u00e0s 8h30, no Passo do Lontra, e \u00e0s 13h, no Porto Morrinho; em 21 de agosto, \u00e0s 13h30, no CRAS II de Corumb\u00e1; em 22 de agosto, \u00e0s 8h30, em Albuquerque; em 27 de agosto, \u00e0s 9h30, no CRAS I; em 28 de agosto, \u00e0s 9h, no CRAS Albuquerque; e em 29 de agosto, \u00e0s 8h30, na Pra\u00e7a da Popular Nova.<\/p>\n\n\n\n<p class=\"wp-block-paragraph\">A iniciativa, que conta com apoio da Prefeitura de Corumb\u00e1, busca ampliar o acesso da popula\u00e7\u00e3o aos servi\u00e7os gratuitos de media\u00e7\u00e3o e concilia\u00e7\u00e3o oferecidos pelo Poder Judici\u00e1rio, permitindo que conflitos sejam solucionados por meio de acordos, antes do ajuizamento de a\u00e7\u00f5es judiciais.<\/p>\n\n\n\n<p class=\"wp-block-paragraph\">Vinculado ao N\u00facleo Permanente de M\u00e9todos Consensuais de Solu\u00e7\u00e3o de Conflitos (Nupemec), o projeto \u00e9 coordenado pelo juiz Maur\u00edcio Cleber Miglioranzi Santos e desenvolvido pelo Cejusc de Corumb\u00e1.<\/p>\n\n\n\n<p class=\"wp-block-paragraph\">Durante as a\u00e7\u00f5es, a equipe do Cejusc promove orienta\u00e7\u00f5es sobre os procedimentos de media\u00e7\u00e3o e concilia\u00e7\u00e3o, esclarece quais demandas podem ser atendidas e realiza as aterma\u00e7\u00f5es para o agendamento de audi\u00eancias. Tamb\u00e9m s\u00e3o fornecidas informa\u00e7\u00f5es sobre a documenta\u00e7\u00e3o necess\u00e1ria, os canais de atendimento e os procedimentos para formaliza\u00e7\u00e3o de acordos.<\/p>\n\n\n\n<p class=\"wp-block-paragraph\">De acordo com a organiza\u00e7\u00e3o do projeto, a iniciativa tamb\u00e9m busca ampliar o conhecimento da popula\u00e7\u00e3o sobre os servi\u00e7os oferecidos pelo Cejusc. No procedimento pr\u00e9-processual, as partes podem solicitar diretamente uma audi\u00eancia de media\u00e7\u00e3o, sem custos, para tentativa de solu\u00e7\u00e3o consensual de conflitos.<\/p>\n\n\n\n<p class=\"wp-block-paragraph\">As primeiras a\u00e7\u00f5es ocorreram em 20 de junho, com atendimentos no Porto da Manga e no Porto Esperan\u00e7a. Desde ent\u00e3o, o projeto tamb\u00e9m passou pelos bairros Padre Ernesto Sassida e Jardinzinho e realizou atividades junto a militares da 18\u00aa Brigada de Fronteira. O atendimento tamb\u00e9m foi levado a Lad\u00e1rio. Participam da iniciativa os mediadores Amanda Bahati da Costa, Silvia de F\u00e1tima Pires, Iris Rodrigues Almeida dos Santos e Lauther da Silva Serra J\u00fanior.<\/p>\n\n\n\n<p class=\"wp-block-paragraph\"><em>As informa\u00e7\u00f5es s\u00e3o da Assessoria de Comunica\u00e7\u00e3o da PMC.<\/em><\/p>\n","protected":false},"excerpt":{"rendered":"<p>Da Reda\u00e7\u00e3o&nbsp;em 05 de Agosto de 2026 Divulga\u00e7\u00e3o O projeto &#8220;Mediar \u00e9 Legal&#8220;, desenvolvido pelo Centro Judici\u00e1rio de Solu\u00e7\u00e3o de Conflitos e Cidadania (Cejusc) da comarca de Corumb\u00e1, prossegue neste m\u00eas com atendimentos gratuitos de media\u00e7\u00e3o e concilia\u00e7\u00e3o em bairros e comunidades urbanas e rurais de Corumb\u00e1 e Lad\u00e1rio. A pr\u00f3xima a\u00e7\u00e3o ser\u00e1 realizada no [&hellip;]<\/p>\n","protected":false},"author":2,"featured_media":11756887,"comment_status":"closed","ping_status":"open","sticky":false,"template":"","format":"standard","meta":{"footnotes":""},"categories":[2,3],"tags":[],"class_list":["post-11756886","post","type-post","status-publish","format-standard","has-post-thumbnail","hentry","category-corumba","category-destaque"],"_links":{"self":[{"href":"https:\/\/bandfmcorumba.agoranoar.com.br\/index.php\/wp-json\/wp\/v2\/posts\/11756886","targetHints":{"allow":["GET"]}}],"collection":[{"href":"https:\/\/bandfmcorumba.agoranoar.com.br\/index.php\/wp-json\/wp\/v2\/posts"}],"about":[{"href":"https:\/\/bandfmcorumba.agoranoar.com.br\/index.php\/wp-json\/wp\/v2\/types\/post"}],"author":[{"embeddable":true,"href":"https:\/\/bandfmcorumba.agoranoar.com.br\/index.php\/wp-json\/wp\/v2\/users\/2"}],"replies":[{"embeddable":true,"href":"https:\/\/bandfmcorumba.agoranoar.com.br\/index.php\/wp-json\/wp\/v2\/comments?post=11756886"}],"version-history":[{"count":0,"href":"https:\/\/bandfmcorumba.agoranoar.com.br\/index.php\/wp-json\/wp\/v2\/posts\/11756886\/revisions"}],"wp:featuredmedia":[{"embeddable":true,"href":"https:\/\/bandfmcorumba.agoranoar.com.br\/index.php\/wp-json\/wp\/v2\/media\/11756887"}],"wp:attachment":[{"href":"https:\/\/bandfmcorumba.agoranoar.com.br\/index.php\/wp-json\/wp\/v2\/media?parent=11756886"}],"wp:term":[{"taxonomy":"category","embeddable":true,"href":"https:\/\/bandfmcorumba.agoranoar.com.br\/index.php\/wp-json\/wp\/v2\/categories?post=11756886"},{"taxonomy":"post_tag","embeddable":true,"href":"https:\/\/bandfmcorumba.agoranoar.com.br\/index.php\/wp-json\/wp\/v2\/tags?post=11756886"}],"curies":[{"name":"wp","href":"https:\/\/api.w.org\/{rel}","templated":true}]}}