{"id":11756883,"date":"2026-08-05T17:03:22","date_gmt":"2026-08-05T21:03:22","guid":{"rendered":"https:\/\/grupopantanalms.com.br\/?p=11756883"},"modified":"2026-08-05T17:03:22","modified_gmt":"2026-08-05T21:03:22","slug":"brasileiro-e-morto-a-tiros-em-santa-cruz-de-la-sierra-crime-ocorre-em-meio-a-escalada-de-violencia","status":"publish","type":"post","link":"https:\/\/bandfmcorumba.agoranoar.com.br\/index.php\/2026\/08\/05\/brasileiro-e-morto-a-tiros-em-santa-cruz-de-la-sierra-crime-ocorre-em-meio-a-escalada-de-violencia\/","title":{"rendered":"Brasileiro \u00e9 morto a tiros em Santa Cruz de la Sierra; crime ocorre em meio a escalada de viol\u00eancia"},"content":{"rendered":"\n<p class=\"wp-block-paragraph\"><strong>Leonardo Cabral<\/strong>&nbsp;em 05 de Agosto de 2026<\/p>\n\n\n\n<p class=\"wp-block-paragraph\">Reprodu\u00e7\u00e3o Unitel TV<\/p>\n\n\n\n\n\n<p class=\"wp-block-paragraph\">Um homem de nacionalidade brasileira foi morto a tiros no in\u00edcio da tarde desta quarta-feira (5), em Santa Cruz de la Sierra, na Bol\u00edvia, a aproximadamente 650 quil\u00f4metros da fronteira com Corumb\u00e1 (MS). A v\u00edtima foi atingida por v\u00e1rios disparos no cruzamento da Terceira Rodovia Circular com a Avenida Busch. O autor dos disparos fugiu.<\/p>\n\n\n\n<p class=\"wp-block-paragraph\">De acordo com informa\u00e7\u00f5es preliminares, pelo menos 16 c\u00e1psulas de muni\u00e7\u00e3o foram recolhidas na cena do crime. Marcas de tiros tamb\u00e9m foram encontradas em uma parede pr\u00f3xima ao local onde o ve\u00edculo da v\u00edtima estava estacionado.<\/p>\n\n\n\n<p class=\"wp-block-paragraph\">A pol\u00edcia foi acionada e iniciou as investiga\u00e7\u00f5es para esclarecer as circunst\u00e2ncias do homic\u00eddio. O assassinato mobilizou uma opera\u00e7\u00e3o policial, com a ativa\u00e7\u00e3o do chamado Plano Z, estrat\u00e9gia utilizada pelas for\u00e7as de seguran\u00e7a bolivianas para localizar e prender suspeitos envolvidos em crimes de gravidade.<\/p>\n\n\n\n<p class=\"wp-block-paragraph\">Uma mulher, acompanhada de outra pessoa, chegou ao local e informou \u00e0s autoridades que a v\u00edtima era brasileira. A identidade do homem ainda n\u00e3o havia sido divulgada at\u00e9 a publica\u00e7\u00e3o desta reportagem.<\/p>\n\n\n\n<p class=\"wp-block-paragraph\"><strong>Dez homic\u00eddios em sete dias<\/strong><\/p>\n\n\n\n<p class=\"wp-block-paragraph\">O assassinato do brasileiro ocorre em meio a uma escalada de viol\u00eancia no departamento de Santa Cruz. Segundo informa\u00e7\u00f5es, \u00e9 o 10\u00ba homic\u00eddio registrado em apenas sete dias na regi\u00e3o.<\/p>\n\n\n\n<p class=\"wp-block-paragraph\">A sequ\u00eancia de mortes tem provocado preocupa\u00e7\u00e3o entre moradores e autoridades bolivianas. Diante do cen\u00e1rio, o governo departamental cobra uma atua\u00e7\u00e3o mais rigorosa contra organiza\u00e7\u00f5es criminosas que atuam no pa\u00eds, entre elas o Primeiro Comando da Capital (PCC) e o Comando Vermelho (CV).<\/p>\n\n\n\n<p class=\"wp-block-paragraph\">Segundo autoridades de seguran\u00e7a do pa\u00eds, os dois grupos brasileiros estariam envolvidos em uma disputa por territ\u00f3rio na Bol\u00edvia. O governo de Santa Cruz tamb\u00e9m reivindica maior apoio do governo federal para refor\u00e7ar o combate \u00e0 criminalidade e conter o avan\u00e7o da viol\u00eancia.<\/p>\n\n\n\n<p class=\"wp-block-paragraph\">Parte dos homic\u00eddios recentes foi registrada na regi\u00e3o de fronteira entre a Bol\u00edvia e o Brasil. Entre as v\u00edtimas est\u00e1 um policial, tamb\u00e9m morto a tiros. Ele investigava o assassinato de quatro pessoas em San Mat\u00edas, cidade boliviana localizada na fronteira com C\u00e1ceres (MT).<\/p>\n\n\n\n<p class=\"wp-block-paragraph\"><em>Com informa\u00e7\u00f5es da Unitel e jornal El Deber.<\/em><\/p>\n","protected":false},"excerpt":{"rendered":"<p>Leonardo Cabral&nbsp;em 05 de Agosto de 2026 Reprodu\u00e7\u00e3o Unitel TV Um homem de nacionalidade brasileira foi morto a tiros no in\u00edcio da tarde desta quarta-feira (5), em Santa Cruz de la Sierra, na Bol\u00edvia, a aproximadamente 650 quil\u00f4metros da fronteira com Corumb\u00e1 (MS). A v\u00edtima foi atingida por v\u00e1rios disparos no cruzamento da Terceira Rodovia [&hellip;]<\/p>\n","protected":false},"author":2,"featured_media":11756884,"comment_status":"closed","ping_status":"open","sticky":false,"template":"","format":"standard","meta":{"footnotes":""},"categories":[3,6],"tags":[],"class_list":["post-11756883","post","type-post","status-publish","format-standard","has-post-thumbnail","hentry","category-destaque","category-internacional"],"_links":{"self":[{"href":"https:\/\/bandfmcorumba.agoranoar.com.br\/index.php\/wp-json\/wp\/v2\/posts\/11756883","targetHints":{"allow":["GET"]}}],"collection":[{"href":"https:\/\/bandfmcorumba.agoranoar.com.br\/index.php\/wp-json\/wp\/v2\/posts"}],"about":[{"href":"https:\/\/bandfmcorumba.agoranoar.com.br\/index.php\/wp-json\/wp\/v2\/types\/post"}],"author":[{"embeddable":true,"href":"https:\/\/bandfmcorumba.agoranoar.com.br\/index.php\/wp-json\/wp\/v2\/users\/2"}],"replies":[{"embeddable":true,"href":"https:\/\/bandfmcorumba.agoranoar.com.br\/index.php\/wp-json\/wp\/v2\/comments?post=11756883"}],"version-history":[{"count":0,"href":"https:\/\/bandfmcorumba.agoranoar.com.br\/index.php\/wp-json\/wp\/v2\/posts\/11756883\/revisions"}],"wp:featuredmedia":[{"embeddable":true,"href":"https:\/\/bandfmcorumba.agoranoar.com.br\/index.php\/wp-json\/wp\/v2\/media\/11756884"}],"wp:attachment":[{"href":"https:\/\/bandfmcorumba.agoranoar.com.br\/index.php\/wp-json\/wp\/v2\/media?parent=11756883"}],"wp:term":[{"taxonomy":"category","embeddable":true,"href":"https:\/\/bandfmcorumba.agoranoar.com.br\/index.php\/wp-json\/wp\/v2\/categories?post=11756883"},{"taxonomy":"post_tag","embeddable":true,"href":"https:\/\/bandfmcorumba.agoranoar.com.br\/index.php\/wp-json\/wp\/v2\/tags?post=11756883"}],"curies":[{"name":"wp","href":"https:\/\/api.w.org\/{rel}","templated":true}]}}