{"id":11756877,"date":"2026-08-05T16:28:10","date_gmt":"2026-08-05T20:28:10","guid":{"rendered":"https:\/\/grupopantanalms.com.br\/?p=11756877"},"modified":"2026-08-05T16:28:10","modified_gmt":"2026-08-05T20:28:10","slug":"hanna-santana-solicita-recuperacao-de-acesso-ao-mirante-cristo-rei-do-pantanal-em-corumba","status":"publish","type":"post","link":"https:\/\/bandfmcorumba.agoranoar.com.br\/index.php\/2026\/08\/05\/hanna-santana-solicita-recuperacao-de-acesso-ao-mirante-cristo-rei-do-pantanal-em-corumba\/","title":{"rendered":"Hanna Santana solicita recupera\u00e7\u00e3o de acesso ao Mirante Cristo Rei do Pantanal em Corumb\u00e1"},"content":{"rendered":"\n<p class=\"wp-block-paragraph\"><img loading=\"lazy\" decoding=\"async\" width=\"26\" height=\"26\" src=\"https:\/\/folhams.com.br\/wp-content\/uploads\/2020\/01\/WEBER-75x75.jpg\" alt=\"\">Por<a href=\"https:\/\/folhams.com.br\/author\/weber-reis\/\">Weber Reis<\/a>5 de agosto de 2026<\/p>\n\n\n\n\n\n<p class=\"wp-block-paragraph\">A vereadora&nbsp;<strong>Hanna Santana<\/strong>&nbsp;apresentou, durante a sess\u00e3o da C\u00e2mara Municipal realizada nesta ter\u00e7a-feira (04), uma indica\u00e7\u00e3o solicitando a recupera\u00e7\u00e3o de um trecho da&nbsp;<strong>Rua Tiradentes<\/strong>, nas proximidades da escadaria que d\u00e1 acesso ao&nbsp;<strong>Mirante Cristo Rei do Pantanal<\/strong>, em Corumb\u00e1. O pedido foi encaminhado \u00e0 Secretaria Municipal de Infraestrutura e Servi\u00e7os P\u00fablicos.<\/p>\n\n\n\n<p class=\"wp-block-paragraph\">A proposta contempla a execu\u00e7\u00e3o de servi\u00e7os de&nbsp;<strong>patrolamento, nivelamento, cascalhamento e recomposi\u00e7\u00e3o do leito da via<\/strong>, al\u00e9m de uma avalia\u00e7\u00e3o t\u00e9cnica para verificar a necessidade de implantar medidas de drenagem capazes de minimizar os impactos provocados pelo escoamento das \u00e1guas da chuva.<\/p>\n\n\n\n<p class=\"wp-block-paragraph\">Segundo a parlamentar, a solicita\u00e7\u00e3o surgiu ap\u00f3s reclama\u00e7\u00f5es de moradores da regi\u00e3o, que enfrentam dificuldades para trafegar pelo local e acessar suas resid\u00eancias. Conforme os registros apresentados junto \u00e0 indica\u00e7\u00e3o, o trecho apresenta valetas, sulcos e outras irregularidades causadas pelo processo de eros\u00e3o, situa\u00e7\u00e3o que se intensifica durante os per\u00edodos chuvosos.<\/p>\n\n\n\n<figure class=\"wp-block-image\"><img decoding=\"async\" src=\"https:\/\/folhams.com.br\/wp-content\/uploads\/2026\/08\/WhatsApp-Image-2026-08-05-at-11.10.25-576x1024.jpeg\" alt=\"WhatsApp Image 2026 08 05 at 11.10.25\" class=\"wp-image-194659\" title=\"Hanna Santana solicita recupera\u00e7\u00e3o de acesso ao Mirante Cristo Rei do Pantanal em Corumb\u00e1 2\" \/><\/figure>\n\n\n\n<h3 class=\"wp-block-heading\">Mobilidade e seguran\u00e7a<\/h3>\n\n\n\n<p class=\"wp-block-paragraph\">Na justificativa da indica\u00e7\u00e3o, Hanna Santana destacou que a recupera\u00e7\u00e3o da via \u00e9 necess\u00e1ria para garantir melhores condi\u00e7\u00f5es de circula\u00e7\u00e3o e reduzir os riscos enfrentados por quem utiliza o trecho diariamente.<\/p>\n\n\n\n<blockquote class=\"wp-block-quote is-layout-flow wp-block-quote-is-layout-flow\">\n<p class=\"wp-block-paragraph\">\u201cN\u00e3o estamos tratando apenas de uma rua com dificuldades de tr\u00e1fego. Existem fam\u00edlias que enfrentam obst\u00e1culos diariamente para entrar e sair de suas pr\u00f3prias casas. A situa\u00e7\u00e3o precisa de uma resposta efetiva, com recupera\u00e7\u00e3o da via e avalia\u00e7\u00e3o das causas da eros\u00e3o, para que o problema n\u00e3o volte a se repetir a cada chuva\u201d, afirmou a vereadora.<\/p>\n<\/blockquote>\n\n\n\n<h3 class=\"wp-block-heading\">\u00c1rea pr\u00f3xima a ponto tur\u00edstico<\/h3>\n\n\n\n<p class=\"wp-block-paragraph\">A parlamentar ressaltou ainda que o trecho est\u00e1 localizado pr\u00f3ximo ao Mirante Cristo Rei do Pantanal, um dos principais pontos tur\u00edsticos de Corumb\u00e1. Para ela, a melhoria da infraestrutura beneficia tanto os moradores quanto a valoriza\u00e7\u00e3o da cidade.<\/p>\n\n\n\n<blockquote class=\"wp-block-quote is-layout-flow wp-block-quote-is-layout-flow\">\n<p class=\"wp-block-paragraph\">\u201cA prioridade s\u00e3o os moradores, que convivem diretamente com as condi\u00e7\u00f5es da rua. Ao mesmo tempo, estamos falando de uma \u00e1rea pr\u00f3xima a um dos pontos mais conhecidos da cidade. Cuidar do acesso, da seguran\u00e7a e da infraestrutura desse local tamb\u00e9m \u00e9 cuidar da imagem de Corumb\u00e1\u201d, destacou.<\/p>\n<\/blockquote>\n\n\n\n<p class=\"wp-block-paragraph\">A indica\u00e7\u00e3o foi encaminhada \u00e0 secret\u00e1ria municipal de Infraestrutura e Servi\u00e7os P\u00fablicos,&nbsp;<strong>Jossiely Godoi da Silva<\/strong>, para an\u00e1lise e ado\u00e7\u00e3o das provid\u00eancias consideradas necess\u00e1rias.<\/p>\n","protected":false},"excerpt":{"rendered":"<p>PorWeber Reis5 de agosto de 2026 A vereadora&nbsp;Hanna Santana&nbsp;apresentou, durante a sess\u00e3o da C\u00e2mara Municipal realizada nesta ter\u00e7a-feira (04), uma indica\u00e7\u00e3o solicitando a recupera\u00e7\u00e3o de um trecho da&nbsp;Rua Tiradentes, nas proximidades da escadaria que d\u00e1 acesso ao&nbsp;Mirante Cristo Rei do Pantanal, em Corumb\u00e1. O pedido foi encaminhado \u00e0 Secretaria Municipal de Infraestrutura e Servi\u00e7os P\u00fablicos. [&hellip;]<\/p>\n","protected":false},"author":2,"featured_media":11756878,"comment_status":"closed","ping_status":"open","sticky":false,"template":"","format":"standard","meta":{"footnotes":""},"categories":[2],"tags":[],"class_list":["post-11756877","post","type-post","status-publish","format-standard","has-post-thumbnail","hentry","category-corumba"],"_links":{"self":[{"href":"https:\/\/bandfmcorumba.agoranoar.com.br\/index.php\/wp-json\/wp\/v2\/posts\/11756877","targetHints":{"allow":["GET"]}}],"collection":[{"href":"https:\/\/bandfmcorumba.agoranoar.com.br\/index.php\/wp-json\/wp\/v2\/posts"}],"about":[{"href":"https:\/\/bandfmcorumba.agoranoar.com.br\/index.php\/wp-json\/wp\/v2\/types\/post"}],"author":[{"embeddable":true,"href":"https:\/\/bandfmcorumba.agoranoar.com.br\/index.php\/wp-json\/wp\/v2\/users\/2"}],"replies":[{"embeddable":true,"href":"https:\/\/bandfmcorumba.agoranoar.com.br\/index.php\/wp-json\/wp\/v2\/comments?post=11756877"}],"version-history":[{"count":0,"href":"https:\/\/bandfmcorumba.agoranoar.com.br\/index.php\/wp-json\/wp\/v2\/posts\/11756877\/revisions"}],"wp:featuredmedia":[{"embeddable":true,"href":"https:\/\/bandfmcorumba.agoranoar.com.br\/index.php\/wp-json\/wp\/v2\/media\/11756878"}],"wp:attachment":[{"href":"https:\/\/bandfmcorumba.agoranoar.com.br\/index.php\/wp-json\/wp\/v2\/media?parent=11756877"}],"wp:term":[{"taxonomy":"category","embeddable":true,"href":"https:\/\/bandfmcorumba.agoranoar.com.br\/index.php\/wp-json\/wp\/v2\/categories?post=11756877"},{"taxonomy":"post_tag","embeddable":true,"href":"https:\/\/bandfmcorumba.agoranoar.com.br\/index.php\/wp-json\/wp\/v2\/tags?post=11756877"}],"curies":[{"name":"wp","href":"https:\/\/api.w.org\/{rel}","templated":true}]}}