{"id":11756871,"date":"2026-08-05T12:55:08","date_gmt":"2026-08-05T16:55:08","guid":{"rendered":"https:\/\/grupopantanalms.com.br\/?p=11756871"},"modified":"2026-08-05T12:55:08","modified_gmt":"2026-08-05T16:55:08","slug":"bira-cobra-pavimentacao-do-trecho-final-da-rua-alan-kardec-e-medidas-para-reforcar-seguranca-no-transito","status":"publish","type":"post","link":"https:\/\/bandfmcorumba.agoranoar.com.br\/index.php\/2026\/08\/05\/bira-cobra-pavimentacao-do-trecho-final-da-rua-alan-kardec-e-medidas-para-reforcar-seguranca-no-transito\/","title":{"rendered":"Bira cobra pavimenta\u00e7\u00e3o do trecho final da Rua Alan Kardec e medidas para refor\u00e7ar seguran\u00e7a no tr\u00e2nsito"},"content":{"rendered":"\n<p class=\"wp-block-paragraph\"><img loading=\"lazy\" decoding=\"async\" width=\"26\" height=\"26\" src=\"https:\/\/folhams.com.br\/wp-content\/uploads\/2020\/01\/WEBER-75x75.jpg\" alt=\"\">Por<a href=\"https:\/\/folhams.com.br\/author\/weber-reis\/\">Weber Reis<\/a>5 de agosto de 2026<\/p>\n\n\n\n\n\n<p class=\"wp-block-paragraph\">O vereador&nbsp;<strong>Ubiratan Canhete de Campos Filho (Bira)<\/strong>&nbsp;apresentou duas indica\u00e7\u00f5es voltadas \u00e0 melhoria da infraestrutura urbana e da seguran\u00e7a vi\u00e1ria em Corumb\u00e1. As propostas solicitam a pavimenta\u00e7\u00e3o do trecho final da Rua Alan Kardec, no Bairro Generoso, e a ado\u00e7\u00e3o de medidas para reduzir a velocidade dos ve\u00edculos na Rua Major Gama, no Bairro Cravo Vermelho.<\/p>\n\n\n\n<p class=\"wp-block-paragraph\">A solicita\u00e7\u00e3o referente \u00e0 Rua Alan Kardec foi encaminhada \u00e0 secret\u00e1ria municipal de Infraestrutura e Servi\u00e7os P\u00fablicos,&nbsp;<strong>Jossiely Godoi<\/strong>, com pedido para que o trecho restante da via seja inclu\u00eddo no cronograma de pavimenta\u00e7\u00e3o do munic\u00edpio.<\/p>\n\n\n\n<p class=\"wp-block-paragraph\">Segundo o parlamentar, boa parte da rua j\u00e1 conta com asfalto, mas ainda existem segmentos sem pavimenta\u00e7\u00e3o. Ele destacou que a parte alta da via dever\u00e1 receber obras e defendeu que o trecho localizado no extremo norte tamb\u00e9m seja contemplado, garantindo a pavimenta\u00e7\u00e3o integral da Alan Kardec.<\/p>\n\n\n\n<blockquote class=\"wp-block-quote is-layout-flow wp-block-quote-is-layout-flow\">\n<p class=\"wp-block-paragraph\">\u201cTomamos conhecimento que o trecho da parte alta ser\u00e1 contemplado com pavimenta\u00e7\u00e3o e, por isso mesmo, pedimos a jun\u00e7\u00e3o de esfor\u00e7os para que o trecho norte da rua tamb\u00e9m seja contemplado, o que tornaria a Alan Kardec 100% pavimentada\u201d, afirmou.<\/p>\n<\/blockquote>\n\n\n\n<p class=\"wp-block-paragraph\">Al\u00e9m da pavimenta\u00e7\u00e3o, a indica\u00e7\u00e3o prev\u00ea a implanta\u00e7\u00e3o de sistema de drenagem, medida considerada necess\u00e1ria para assegurar melhores condi\u00e7\u00f5es de trafegabilidade e durabilidade da via.<\/p>\n\n\n\n<h3 class=\"wp-block-heading\">Pedido de redutor de velocidade<\/h3>\n\n\n\n<p class=\"wp-block-paragraph\">Em outra indica\u00e7\u00e3o, Bira solicitou \u00e0 diretora-presidente da Ag\u00eancia Municipal de Tr\u00e2nsito e Transporte (Agetrat),&nbsp;<strong>Mariana Ricco<\/strong>, a realiza\u00e7\u00e3o de estudos t\u00e9cnicos para melhorar a seguran\u00e7a na&nbsp;<strong>Rua Major Gama<\/strong>, entre as ruas&nbsp;<strong>Santa Catarina<\/strong>&nbsp;e&nbsp;<strong>Rio Grande do Sul<\/strong>, no Bairro Cravo Vermelho.<\/p>\n\n\n\n<p class=\"wp-block-paragraph\">O vereador prop\u00f5e a implanta\u00e7\u00e3o de uma lombada ou outro dispositivo de redu\u00e7\u00e3o de velocidade no trecho, que recebeu pavimenta\u00e7\u00e3o recentemente.<\/p>\n\n\n\n<p class=\"wp-block-paragraph\">De acordo com o parlamentar, a melhoria do pavimento fez aumentar a velocidade m\u00e9dia dos ve\u00edculos que circulam pela via, elevando a preocupa\u00e7\u00e3o dos moradores.<\/p>\n\n\n\n<p class=\"wp-block-paragraph\">Bira argumenta que o local possui caracter\u00edsticas predominantemente residenciais, com grande circula\u00e7\u00e3o de pedestres, cal\u00e7adas estreitas e presen\u00e7a frequente de crian\u00e7as, fatores que refor\u00e7am a necessidade de interven\u00e7\u00f5es para ampliar a seguran\u00e7a no tr\u00e2nsito.<\/p>\n","protected":false},"excerpt":{"rendered":"<p>PorWeber Reis5 de agosto de 2026 O vereador&nbsp;Ubiratan Canhete de Campos Filho (Bira)&nbsp;apresentou duas indica\u00e7\u00f5es voltadas \u00e0 melhoria da infraestrutura urbana e da seguran\u00e7a vi\u00e1ria em Corumb\u00e1. As propostas solicitam a pavimenta\u00e7\u00e3o do trecho final da Rua Alan Kardec, no Bairro Generoso, e a ado\u00e7\u00e3o de medidas para reduzir a velocidade dos ve\u00edculos na Rua [&hellip;]<\/p>\n","protected":false},"author":2,"featured_media":11756872,"comment_status":"closed","ping_status":"open","sticky":false,"template":"","format":"standard","meta":{"footnotes":""},"categories":[2],"tags":[],"class_list":["post-11756871","post","type-post","status-publish","format-standard","has-post-thumbnail","hentry","category-corumba"],"_links":{"self":[{"href":"https:\/\/bandfmcorumba.agoranoar.com.br\/index.php\/wp-json\/wp\/v2\/posts\/11756871","targetHints":{"allow":["GET"]}}],"collection":[{"href":"https:\/\/bandfmcorumba.agoranoar.com.br\/index.php\/wp-json\/wp\/v2\/posts"}],"about":[{"href":"https:\/\/bandfmcorumba.agoranoar.com.br\/index.php\/wp-json\/wp\/v2\/types\/post"}],"author":[{"embeddable":true,"href":"https:\/\/bandfmcorumba.agoranoar.com.br\/index.php\/wp-json\/wp\/v2\/users\/2"}],"replies":[{"embeddable":true,"href":"https:\/\/bandfmcorumba.agoranoar.com.br\/index.php\/wp-json\/wp\/v2\/comments?post=11756871"}],"version-history":[{"count":0,"href":"https:\/\/bandfmcorumba.agoranoar.com.br\/index.php\/wp-json\/wp\/v2\/posts\/11756871\/revisions"}],"wp:featuredmedia":[{"embeddable":true,"href":"https:\/\/bandfmcorumba.agoranoar.com.br\/index.php\/wp-json\/wp\/v2\/media\/11756872"}],"wp:attachment":[{"href":"https:\/\/bandfmcorumba.agoranoar.com.br\/index.php\/wp-json\/wp\/v2\/media?parent=11756871"}],"wp:term":[{"taxonomy":"category","embeddable":true,"href":"https:\/\/bandfmcorumba.agoranoar.com.br\/index.php\/wp-json\/wp\/v2\/categories?post=11756871"},{"taxonomy":"post_tag","embeddable":true,"href":"https:\/\/bandfmcorumba.agoranoar.com.br\/index.php\/wp-json\/wp\/v2\/tags?post=11756871"}],"curies":[{"name":"wp","href":"https:\/\/api.w.org\/{rel}","templated":true}]}}