{"id":11756865,"date":"2026-08-05T12:16:44","date_gmt":"2026-08-05T16:16:44","guid":{"rendered":"https:\/\/grupopantanalms.com.br\/?p=11756865"},"modified":"2026-08-05T12:16:44","modified_gmt":"2026-08-05T16:16:44","slug":"prefeitura-publica-revisao-e-lancamento-da-taxa-de-coleta-e-destinacao-de-residuos-solidos","status":"publish","type":"post","link":"https:\/\/bandfmcorumba.agoranoar.com.br\/index.php\/2026\/08\/05\/prefeitura-publica-revisao-e-lancamento-da-taxa-de-coleta-e-destinacao-de-residuos-solidos\/","title":{"rendered":"Prefeitura publica revis\u00e3o e lan\u00e7amento da Taxa de Coleta e Destina\u00e7\u00e3o de Res\u00edduos S\u00f3lidos"},"content":{"rendered":"\n<p class=\"wp-block-paragraph\"><strong>Da Reda\u00e7\u00e3o com Ascom PMC<\/strong>&nbsp;em 05 de Agosto de 2026<\/p>\n\n\n\n<p class=\"wp-block-paragraph\">Ren\u00ea Marcio Carneiro\/Arquivo PMC<\/p>\n\n\n\n\n\n<p class=\"wp-block-paragraph\">A Prefeitura de Corumb\u00e1 publicou na ter\u00e7a-feira, 4 de agosto, dois editais referentes \u00e0 Taxa de Coleta, Remo\u00e7\u00e3o e Destina\u00e7\u00e3o Final de Res\u00edduos S\u00f3lidos em Aterro Controlado, chamada de &#8220;taxa do lixo&#8221;. O primeiro (Edital n\u00ba 10\/2026) notifica a revis\u00e3o do lan\u00e7amento referente ao exerc\u00edcio de 2022, enquanto o segundo (Edital n\u00ba 11\/2026) trata sobre o lan\u00e7amento regular da taxa para o exerc\u00edcio de 2026.<\/p>\n\n\n\n<p class=\"wp-block-paragraph\"><a href=\"https:\/\/do.corumba.ms.gov.br\/portal\/edicoes\/download\/5686\">Os editais<\/a>&nbsp;alcan\u00e7am os propriet\u00e1rios, titulares do dom\u00ednio \u00fatil ou possuidores a qualquer t\u00edtulo de im\u00f3veis urbanos no munic\u00edpio de Corumb\u00e1.<\/p>\n\n\n\n<p class=\"wp-block-paragraph\">No caso do Edital n\u00ba 10\/2026, a revis\u00e3o incide sobre a taxa lan\u00e7ada originariamente em 2023, referente aos servi\u00e7os prestados em 2022. A adequa\u00e7\u00e3o da base de c\u00e1lculo foi necess\u00e1ria ap\u00f3s procedimentos administrativos que comprovaram a necessidade de ajuste, com fundamento na Lei Complementar n\u00ba 317\/2022 e na Lei Complementar n\u00ba 357\/2025.<\/p>\n\n\n\n<p class=\"wp-block-paragraph\">J\u00e1 o Edital n\u00ba 11\/2026 trata do lan\u00e7amento regular da taxa exig\u00edvel em 2026, pelos servi\u00e7os prestados ou postos \u00e0 disposi\u00e7\u00e3o dos contribuintes no exerc\u00edcio de 2025, com base na Lei Complementar n\u00ba 357\/2025.<\/p>\n\n\n\n<p class=\"wp-block-paragraph\">O c\u00e1lculo considera o custo efetivo dos servi\u00e7os de coleta, transporte, tratamento e destina\u00e7\u00e3o dos res\u00edduos s\u00f3lidos,&nbsp;calculado com base nas despesas registradas no exerc\u00edcio anterior ao lan\u00e7amento tribut\u00e1rio.&nbsp;A metodologia foi elaborada a partir de estudos realizados por grupo de trabalho institu\u00eddo pelo Munic\u00edpio.<\/p>\n\n\n\n<p class=\"wp-block-paragraph\">Para definir o valor devido por cada im\u00f3vel, ser\u00e3o considerados fatores como a frequ\u00eancia da coleta, a utiliza\u00e7\u00e3o da propriedade e a disponibilidade de coleta seletiva.<\/p>\n\n\n\n<p class=\"wp-block-paragraph\">Os valores lan\u00e7ados e os dados cadastrais dos im\u00f3veis est\u00e3o dispon\u00edveis para consulta em dois canais: no Portal oficial da Prefeitura (<a href=\"https:\/\/corumba.ms.gov.br\/\" target=\"_blank\" rel=\"noreferrer noopener\"><strong>https:\/\/corumba.ms.gov.br\/<\/strong><\/a>) ou presencialmente no Centro de Atendimento ao Cidad\u00e3o (CAC), localizado na rua Dom Aquino, n\u00ba 1.119, Centro. As guias de recolhimento podem ser obtidas pelos mesmos canais, pela internet ou presencialmente no CAC, em hor\u00e1rio de expediente.<\/p>\n\n\n\n<p class=\"wp-block-paragraph\"><strong>Condi\u00e7\u00f5es de pagamento<\/strong><\/p>\n\n\n\n<p class=\"wp-block-paragraph\">O contribuinte pode optar entre duas formas de pagamento: cota \u00fanica com vencimento em 31 de agosto de 2026; ou parcelamento em at\u00e9 5 vezes iguais e distintas, com a 1\u00aa parcela vencendo em 31 de agosto de 2026 e as demais nos meses subsequentes.<\/p>\n\n\n\n<p class=\"wp-block-paragraph\">O c\u00e1lculo individualizado da taxa foi realizado conforme a metodologia prevista no Decreto n\u00ba 3.652\/2026 (Edital n\u00ba 10) e nos arts. 7\u00ba a 10 da Lei Complementar n\u00ba 357\/2025 (Edital n\u00ba 11).<\/p>\n\n\n\n<p class=\"wp-block-paragraph\">O contribuinte que discordar do lan\u00e7amento pode apresentar impugna\u00e7\u00e3o por escrito, no prazo de 30 dias contados da publica\u00e7\u00e3o do edital, protocolando o pedido no CAC.<\/p>\n\n\n\n<p class=\"wp-block-paragraph\">O pedido deve ser instru\u00eddo com: identifica\u00e7\u00e3o do im\u00f3vel: n\u00famero do cadastro\/BIC e comprovante de resid\u00eancia (conta de \u00e1gua, energia, telefone fixo, entre outros); Indica\u00e7\u00e3o das incorre\u00e7\u00f5es que tenham influenciado a quantifica\u00e7\u00e3o do cr\u00e9dito tribut\u00e1rio; e documentos pessoais e endere\u00e7o de correspond\u00eancia completo (logradouro, n\u00famero, lote, bairro e CEP).<\/p>\n\n\n\n<p class=\"wp-block-paragraph\">Cobran\u00e7as escalonadas<\/p>\n\n\n\n<p class=\"wp-block-paragraph\">O decreto n\u00ba 3.652\/2026 publicado no dia 30 de julho, prev\u00ea um cronograma para a revis\u00e3o e realiza\u00e7\u00e3o dos lan\u00e7amentos.<\/p>\n\n\n\n<p class=\"wp-block-paragraph\">No atual exerc\u00edcio financeiro, o Munic\u00edpio passar\u00e1 a administrar dois conjuntos de lan\u00e7amentos da TRS: o referente ao exerc\u00edcio de 2022, lan\u00e7ado em 2023, e o relativo ao exerc\u00edcio de 2025, com lan\u00e7amento em 2026.<\/p>\n\n\n\n<p class=\"wp-block-paragraph\">Nos casos em que for constatado pagamento superior ao valor efetivamente devido, o contribuinte ter\u00e1 direito \u00e0 compensa\u00e7\u00e3o do cr\u00e9dito tribut\u00e1rio, conforme previsto na legisla\u00e7\u00e3o municipal.<\/p>\n\n\n\n<p class=\"wp-block-paragraph\">O cr\u00e9dito poder\u00e1 ser utilizado para abatimento de valores referentes a lan\u00e7amentos realizados j\u00e1 sob a vig\u00eancia da Lei Complementar n\u00ba 357\/2025. Para contribuintes que n\u00e3o possuem mais v\u00ednculo tribut\u00e1rio com o im\u00f3vel relacionado ao lan\u00e7amento anterior, a alternativa ser\u00e1 solicitar a restitui\u00e7\u00e3o da diferen\u00e7a paga.<\/p>\n","protected":false},"excerpt":{"rendered":"<p>Da Reda\u00e7\u00e3o com Ascom PMC&nbsp;em 05 de Agosto de 2026 Ren\u00ea Marcio Carneiro\/Arquivo PMC A Prefeitura de Corumb\u00e1 publicou na ter\u00e7a-feira, 4 de agosto, dois editais referentes \u00e0 Taxa de Coleta, Remo\u00e7\u00e3o e Destina\u00e7\u00e3o Final de Res\u00edduos S\u00f3lidos em Aterro Controlado, chamada de &#8220;taxa do lixo&#8221;. O primeiro (Edital n\u00ba 10\/2026) notifica a revis\u00e3o do [&hellip;]<\/p>\n","protected":false},"author":2,"featured_media":11756866,"comment_status":"closed","ping_status":"open","sticky":false,"template":"","format":"standard","meta":{"footnotes":""},"categories":[2],"tags":[],"class_list":["post-11756865","post","type-post","status-publish","format-standard","has-post-thumbnail","hentry","category-corumba"],"_links":{"self":[{"href":"https:\/\/bandfmcorumba.agoranoar.com.br\/index.php\/wp-json\/wp\/v2\/posts\/11756865","targetHints":{"allow":["GET"]}}],"collection":[{"href":"https:\/\/bandfmcorumba.agoranoar.com.br\/index.php\/wp-json\/wp\/v2\/posts"}],"about":[{"href":"https:\/\/bandfmcorumba.agoranoar.com.br\/index.php\/wp-json\/wp\/v2\/types\/post"}],"author":[{"embeddable":true,"href":"https:\/\/bandfmcorumba.agoranoar.com.br\/index.php\/wp-json\/wp\/v2\/users\/2"}],"replies":[{"embeddable":true,"href":"https:\/\/bandfmcorumba.agoranoar.com.br\/index.php\/wp-json\/wp\/v2\/comments?post=11756865"}],"version-history":[{"count":0,"href":"https:\/\/bandfmcorumba.agoranoar.com.br\/index.php\/wp-json\/wp\/v2\/posts\/11756865\/revisions"}],"wp:featuredmedia":[{"embeddable":true,"href":"https:\/\/bandfmcorumba.agoranoar.com.br\/index.php\/wp-json\/wp\/v2\/media\/11756866"}],"wp:attachment":[{"href":"https:\/\/bandfmcorumba.agoranoar.com.br\/index.php\/wp-json\/wp\/v2\/media?parent=11756865"}],"wp:term":[{"taxonomy":"category","embeddable":true,"href":"https:\/\/bandfmcorumba.agoranoar.com.br\/index.php\/wp-json\/wp\/v2\/categories?post=11756865"},{"taxonomy":"post_tag","embeddable":true,"href":"https:\/\/bandfmcorumba.agoranoar.com.br\/index.php\/wp-json\/wp\/v2\/tags?post=11756865"}],"curies":[{"name":"wp","href":"https:\/\/api.w.org\/{rel}","templated":true}]}}