{"id":11756850,"date":"2026-08-05T09:17:21","date_gmt":"2026-08-05T13:17:21","guid":{"rendered":"https:\/\/grupopantanalms.com.br\/?p=11756850"},"modified":"2026-08-05T09:17:21","modified_gmt":"2026-08-05T13:17:21","slug":"policia-civil-prende-suspeito-de-participacao-em-duplo-homicidio-ocorrido-em-cassilandia","status":"publish","type":"post","link":"https:\/\/bandfmcorumba.agoranoar.com.br\/index.php\/2026\/08\/05\/policia-civil-prende-suspeito-de-participacao-em-duplo-homicidio-ocorrido-em-cassilandia\/","title":{"rendered":"Pol\u00edcia Civil prende suspeito de participa\u00e7\u00e3o em duplo homic\u00eddio ocorrido em Cassil\u00e2ndia"},"content":{"rendered":"\n<p class=\"wp-block-paragraph\"><a href=\"https:\/\/www.facebook.com\/groups\/5257729220998937\/user\/61577060266091\/?__cft__[0]=AZYn4XowDe3hbgQxLKOelgav6Gi8bV6C8GR43bVd_jOJUFSvcqEzAVpqo7DlsqfANCR0osMmPs1uY9ZS0hYUGCJMN4udKTk9_Rm-d7Hp-ykakkuklnQRhS1KKr0cmhlIg-2rue4o-fcYr-Im7GBlI49Dc7K-Q9fL98LbvcDVn5brExngB0fUvmxeuJMzewSoYQ1-PN2EZcTRygAf0St2s17k&amp;__tn__=%2CP-R\">Jornal OGPC News<\/a>\u00a0<\/p>\n\n\n\n\n\n<p class=\"wp-block-paragraph\">A Pol\u00edcia Civil de Mato Grosso do Sul, por interm\u00e9dio da Delegacia de Cassil\u00e2ndia e da Delegacia Especializada de Repress\u00e3o a Roubos a Banco, Assaltos e Sequestros (Garras), prendeu em flagrante, nesta segunda-feira (3), um homem investigado por participa\u00e7\u00e3o no duplo homic\u00eddio ocorrido no \u00faltimo s\u00e1bado (1\u00ba), no munic\u00edpio de Cassil\u00e2ndia\/MS.<\/p>\n\n\n\n<p class=\"wp-block-paragraph\">A pris\u00e3o \u00e9 resultado de dilig\u00eancias investigativas ininterruptas realizadas de forma integrada pelas equipes das duas unidades policiais, que culminaram na identifica\u00e7\u00e3o e captura de um dos envolvidos na a\u00e7\u00e3o criminosa.<\/p>\n\n\n\n<p class=\"wp-block-paragraph\">De acordo com a apura\u00e7\u00e3o, as v\u00edtimas retornavam para casa quando foram surpreendidas por disparos de arma de fogo no momento em que o ve\u00edculo ingressava na garagem da resid\u00eancia. Em raz\u00e3o dos disparos, M.A.S. e a crian\u00e7a P.E.S., de tr\u00eas anos de idade, foram atingidos e morreram.<\/p>\n\n\n\n<p class=\"wp-block-paragraph\">Desde o registro da ocorr\u00eancia, equipes da Delegacia de Cassil\u00e2ndia, com apoio do Garras, permaneceram mobilizadas para identifica\u00e7\u00e3o dos autores, coleta de elementos probat\u00f3rios e esclarecimento da din\u00e2mica delitiva.<\/p>\n\n\n\n<p class=\"wp-block-paragraph\">No decorrer das investiga\u00e7\u00f5es, foi poss\u00edvel identificar A.D. como um dos envolvidos no crime.<\/p>\n\n\n\n<p class=\"wp-block-paragraph\">Ap\u00f3s ser localizado, ele foi preso em flagrante e conduzido \u00e0 unidade policial para os procedimentos de pol\u00edcia judici\u00e1ria.<\/p>\n\n\n\n<p class=\"wp-block-paragraph\">Em interrogat\u00f3rio, declarou que conduziu a motocicleta utilizada para transportar o autor dos disparos at\u00e9 o local dos fatos e que, ap\u00f3s a execu\u00e7\u00e3o do crime, conduzindo novamente o ve\u00edculo empregado na a\u00e7\u00e3o.<\/p>\n\n\n\n<p class=\"wp-block-paragraph\">A pris\u00e3o representa um importante avan\u00e7o nas investiga\u00e7\u00f5es, que prosseguem com o objetivo de localizar e prender o segundo envolvido, apontado como o executor dos disparos, bem como esclarecer integralmente a motiva\u00e7\u00e3o do crime e eventual participa\u00e7\u00e3o de outras pessoas.<\/p>\n\n\n\n<p class=\"wp-block-paragraph\">Outras informa\u00e7\u00f5es n\u00e3o ser\u00e3o divulgadas neste momento, a fim de preservar a efic\u00e1cia das dilig\u00eancias ainda em andamento. A pris\u00e3o ocorreu no \u00e2mbito do programa Brasil contra o crime organizado, opera\u00e7\u00e3o Protetor das Divisas e Fronteiras, do DIOPI\/CGFRON\/SENASP\/MJSP<\/p>\n\n\n\n<p class=\"wp-block-paragraph\">SEJUSP-MS \/ DGPC-MS \/ DEPARTAMENTO DE POL\u00cdCIA ESPECIALIZADA.<\/p>\n","protected":false},"excerpt":{"rendered":"<p>Jornal OGPC News\u00a0 A Pol\u00edcia Civil de Mato Grosso do Sul, por interm\u00e9dio da Delegacia de Cassil\u00e2ndia e da Delegacia Especializada de Repress\u00e3o a Roubos a Banco, Assaltos e Sequestros (Garras), prendeu em flagrante, nesta segunda-feira (3), um homem investigado por participa\u00e7\u00e3o no duplo homic\u00eddio ocorrido no \u00faltimo s\u00e1bado (1\u00ba), no munic\u00edpio de Cassil\u00e2ndia\/MS. A [&hellip;]<\/p>\n","protected":false},"author":2,"featured_media":11756851,"comment_status":"closed","ping_status":"open","sticky":false,"template":"","format":"standard","meta":{"footnotes":""},"categories":[5],"tags":[],"class_list":["post-11756850","post","type-post","status-publish","format-standard","has-post-thumbnail","hentry","category-policia"],"_links":{"self":[{"href":"https:\/\/bandfmcorumba.agoranoar.com.br\/index.php\/wp-json\/wp\/v2\/posts\/11756850","targetHints":{"allow":["GET"]}}],"collection":[{"href":"https:\/\/bandfmcorumba.agoranoar.com.br\/index.php\/wp-json\/wp\/v2\/posts"}],"about":[{"href":"https:\/\/bandfmcorumba.agoranoar.com.br\/index.php\/wp-json\/wp\/v2\/types\/post"}],"author":[{"embeddable":true,"href":"https:\/\/bandfmcorumba.agoranoar.com.br\/index.php\/wp-json\/wp\/v2\/users\/2"}],"replies":[{"embeddable":true,"href":"https:\/\/bandfmcorumba.agoranoar.com.br\/index.php\/wp-json\/wp\/v2\/comments?post=11756850"}],"version-history":[{"count":0,"href":"https:\/\/bandfmcorumba.agoranoar.com.br\/index.php\/wp-json\/wp\/v2\/posts\/11756850\/revisions"}],"wp:featuredmedia":[{"embeddable":true,"href":"https:\/\/bandfmcorumba.agoranoar.com.br\/index.php\/wp-json\/wp\/v2\/media\/11756851"}],"wp:attachment":[{"href":"https:\/\/bandfmcorumba.agoranoar.com.br\/index.php\/wp-json\/wp\/v2\/media?parent=11756850"}],"wp:term":[{"taxonomy":"category","embeddable":true,"href":"https:\/\/bandfmcorumba.agoranoar.com.br\/index.php\/wp-json\/wp\/v2\/categories?post=11756850"},{"taxonomy":"post_tag","embeddable":true,"href":"https:\/\/bandfmcorumba.agoranoar.com.br\/index.php\/wp-json\/wp\/v2\/tags?post=11756850"}],"curies":[{"name":"wp","href":"https:\/\/api.w.org\/{rel}","templated":true}]}}