{"id":11756847,"date":"2026-08-05T09:14:46","date_gmt":"2026-08-05T13:14:46","guid":{"rendered":"https:\/\/grupopantanalms.com.br\/?p=11756847"},"modified":"2026-08-05T09:14:46","modified_gmt":"2026-08-05T13:14:46","slug":"quatro-pessoas-morrem-apos-colisao-com-van-que-levava-pacientes-carro-e-caminhao-na-ms-156","status":"publish","type":"post","link":"https:\/\/bandfmcorumba.agoranoar.com.br\/index.php\/2026\/08\/05\/quatro-pessoas-morrem-apos-colisao-com-van-que-levava-pacientes-carro-e-caminhao-na-ms-156\/","title":{"rendered":"Quatro pessoas morrem ap\u00f3s colis\u00e3o com van que levava pacientes, carro e caminh\u00e3o na MS-156"},"content":{"rendered":"\n<p class=\"wp-block-paragraph\">Primeira Hora<\/p>\n\n\n\n\n\n<p class=\"wp-block-paragraph\">Acidente na noite desta ter\u00e7a-feira (4\/8), envolvendo tr\u00eas ve\u00edculos na MS-156, entre Amambai e Tacuru, deixou pelo menos quatro mortos al\u00e9m de outros feridos. At\u00e9 o momento, apenas duas v\u00edtimas foram identificadas, o Ant\u00f4nio de Souza Pinto, de 76 anos, que faleceu no HV (Hospital da Vida), e a esposa Ladir Bragagolo Pinto, internada em estado grav\u00edssimo.<\/p>\n\n\n\n<p class=\"wp-block-paragraph\">Tamb\u00e9m morreram Wlademir Pereira de Souza, S\u00f4nia Aparecida Pinheiro da Silva e Gabriel da Silva Costa.<\/p>\n\n\n\n<p class=\"wp-block-paragraph\">De acordo com o jornal&nbsp;A GAZETA NEWS, a colis\u00e3o envolveu um caminh\u00e3o carregado com lenha, uma van da prefeitura de Sete Quedas que transportava pacientes, e um ve\u00edculo Fiat Strada que pertence a empresa de marmoraria com sede em Amambai.<\/p>\n\n\n\n<p class=\"wp-block-paragraph\">Informa\u00e7\u00f5es divulgadas pela imprensa local s\u00e3o de que o caminh\u00e3o estava parado na pista, no sentido Amambai a Tacuru, possivelmente com problemas mec\u00e2nicos, por\u00e9m, sem sinaliza\u00e7\u00e3o adequada.<\/p>\n\n\n\n<p class=\"wp-block-paragraph\">O motorista da ambul\u00e2ncia n\u00e3o teria percebido o ve\u00edculo de carga e bateu na traseira. Com o impacto, a ambul\u00e2ncia, atingiu a Fiat Strada, que trafegava no sentido Tacuru a Amambai.<\/p>\n\n\n\n<p class=\"wp-block-paragraph\">Tr\u00eas pessoas que estavam na van morreram no local, e as outras que ficaram feridas foram socorridas por ambul\u00e2ncias da prefeitura de Tacuru, para o Hospital S\u00e3o Sebasti\u00e3o.<\/p>\n\n\n\n<p class=\"wp-block-paragraph\">Os dois ocupantes da Fiat Strada foram socorridos pelo Corpo de Bombeiros de Amambai para o hospital em Tacuru. Segundo os socorristas, eles n\u00e3o sofreram ferimentos graves, mas reclamavam de dores.<\/p>\n\n\n\n<p class=\"wp-block-paragraph\">A prefeitura de Sete Quedas enviou ambul\u00e2ncias em socorro \u00e0s v\u00edtimas e o prefeito, Erlon Daneluz, acompanhado pelo secret\u00e1rio de planejamento da prefeitura local, Wilton Oliveira, tamb\u00e9m se deslocaram para Tacuru.<\/p>\n\n\n\n<p class=\"wp-block-paragraph\">Ainda conforme o jornal, pelo menos quatro pessoas, depois de receberem o atendimento emergencial no hospital de Tacuru, devido a gravidade dos ferimentos, foram transferidas em &#8220;vaga zero&#8221; para outras cidades. A reportagem apura quais s\u00e3o.<\/p>\n\n\n\n<p class=\"wp-block-paragraph\">Equipes da Per\u00edcia T\u00e9cnica de Amambai, da PC (Pol\u00edcia Civil) e da PMR (Pol\u00edcia Militar Rodovi\u00e1ria) tamb\u00e9m atenderam a ocorr\u00eancia e um laudo pericial dever\u00e1 comprovar oficialmente as circunst\u00e2ncias do acidente.<\/p>\n","protected":false},"excerpt":{"rendered":"<p>Primeira Hora Acidente na noite desta ter\u00e7a-feira (4\/8), envolvendo tr\u00eas ve\u00edculos na MS-156, entre Amambai e Tacuru, deixou pelo menos quatro mortos al\u00e9m de outros feridos. At\u00e9 o momento, apenas duas v\u00edtimas foram identificadas, o Ant\u00f4nio de Souza Pinto, de 76 anos, que faleceu no HV (Hospital da Vida), e a esposa Ladir Bragagolo Pinto, [&hellip;]<\/p>\n","protected":false},"author":2,"featured_media":11756848,"comment_status":"closed","ping_status":"open","sticky":false,"template":"","format":"standard","meta":{"footnotes":""},"categories":[5],"tags":[],"class_list":["post-11756847","post","type-post","status-publish","format-standard","has-post-thumbnail","hentry","category-policia"],"_links":{"self":[{"href":"https:\/\/bandfmcorumba.agoranoar.com.br\/index.php\/wp-json\/wp\/v2\/posts\/11756847","targetHints":{"allow":["GET"]}}],"collection":[{"href":"https:\/\/bandfmcorumba.agoranoar.com.br\/index.php\/wp-json\/wp\/v2\/posts"}],"about":[{"href":"https:\/\/bandfmcorumba.agoranoar.com.br\/index.php\/wp-json\/wp\/v2\/types\/post"}],"author":[{"embeddable":true,"href":"https:\/\/bandfmcorumba.agoranoar.com.br\/index.php\/wp-json\/wp\/v2\/users\/2"}],"replies":[{"embeddable":true,"href":"https:\/\/bandfmcorumba.agoranoar.com.br\/index.php\/wp-json\/wp\/v2\/comments?post=11756847"}],"version-history":[{"count":0,"href":"https:\/\/bandfmcorumba.agoranoar.com.br\/index.php\/wp-json\/wp\/v2\/posts\/11756847\/revisions"}],"wp:featuredmedia":[{"embeddable":true,"href":"https:\/\/bandfmcorumba.agoranoar.com.br\/index.php\/wp-json\/wp\/v2\/media\/11756848"}],"wp:attachment":[{"href":"https:\/\/bandfmcorumba.agoranoar.com.br\/index.php\/wp-json\/wp\/v2\/media?parent=11756847"}],"wp:term":[{"taxonomy":"category","embeddable":true,"href":"https:\/\/bandfmcorumba.agoranoar.com.br\/index.php\/wp-json\/wp\/v2\/categories?post=11756847"},{"taxonomy":"post_tag","embeddable":true,"href":"https:\/\/bandfmcorumba.agoranoar.com.br\/index.php\/wp-json\/wp\/v2\/tags?post=11756847"}],"curies":[{"name":"wp","href":"https:\/\/api.w.org\/{rel}","templated":true}]}}