{"id":11756824,"date":"2026-08-04T13:57:14","date_gmt":"2026-08-04T17:57:14","guid":{"rendered":"https:\/\/grupopantanalms.com.br\/?p=11756824"},"modified":"2026-08-04T13:57:14","modified_gmt":"2026-08-04T17:57:14","slug":"suspeito-e-detido-apos-idosa-ser-encontrada-em-situacao-de-abandono-em-corumba","status":"publish","type":"post","link":"https:\/\/bandfmcorumba.agoranoar.com.br\/index.php\/2026\/08\/04\/suspeito-e-detido-apos-idosa-ser-encontrada-em-situacao-de-abandono-em-corumba\/","title":{"rendered":"Suspeito \u00e9 detido ap\u00f3s idosa ser encontrada em situa\u00e7\u00e3o de abandono em Corumb\u00e1"},"content":{"rendered":"\n<p class=\"wp-block-paragraph\"><strong>Rosana Nunes<\/strong>&nbsp;em 04 de Agosto de 2026<\/p>\n\n\n\n<p class=\"wp-block-paragraph\">Divulga\u00e7\u00e3o\/GCM<\/p>\n\n\n\n\n\n<p class=\"wp-block-paragraph\">Uma idosa, acamada e com problemas de sa\u00fade, foi encontrada em condi\u00e7\u00f5es prec\u00e1rias durante uma a\u00e7\u00e3o de atendimento a den\u00fancia de maus-tratos, no final da manh\u00e3 desta ter\u00e7a-feira (4). A ocorr\u00eancia contou com o apoio da Ronda Ostensiva Municipal (ROMU), da Guarda Civil Municipal, \u00e0 equipe do Centro de Refer\u00eancia Especializado de Assist\u00eancia Social (CREAS).<\/p>\n\n\n\n<p class=\"wp-block-paragraph\">Segundo as informa\u00e7\u00f5es levantadas pela GCM no local, a v\u00edtima, de 82 anos, apresentava falta de cuidados b\u00e1sicos de higiene e permanecia em um ambiente insalubre. A idosa tamb\u00e9m relatou estar com fome e sede.<\/p>\n\n\n\n<p class=\"wp-block-paragraph\">Durante o atendimento, familiares disseram que enfrentavam dificuldades para entrar na resid\u00eancia e prestar assist\u00eancia \u00e0 v\u00edtima. Diante das condi\u00e7\u00f5es encontradas e dos ind\u00edcios de neglig\u00eancia, a equipe da ROMU deteve o filho da idosa e o encaminhou \u00e0 Delegacia de Pol\u00edcia.<\/p>\n\n\n\n<p class=\"wp-block-paragraph\">A Guarda Civil Municipal refor\u00e7ou a import\u00e2ncia de denunciar casos de abandono, neglig\u00eancia, viol\u00eancia ou maus-tratos contra pessoas idosas. Den\u00fancias podem ser feitas pelo telefone&nbsp;<strong>153<\/strong>, da GCM.<\/p>\n","protected":false},"excerpt":{"rendered":"<p>Rosana Nunes&nbsp;em 04 de Agosto de 2026 Divulga\u00e7\u00e3o\/GCM Uma idosa, acamada e com problemas de sa\u00fade, foi encontrada em condi\u00e7\u00f5es prec\u00e1rias durante uma a\u00e7\u00e3o de atendimento a den\u00fancia de maus-tratos, no final da manh\u00e3 desta ter\u00e7a-feira (4). A ocorr\u00eancia contou com o apoio da Ronda Ostensiva Municipal (ROMU), da Guarda Civil Municipal, \u00e0 equipe do [&hellip;]<\/p>\n","protected":false},"author":2,"featured_media":11756825,"comment_status":"closed","ping_status":"open","sticky":false,"template":"","format":"standard","meta":{"footnotes":""},"categories":[2],"tags":[],"class_list":["post-11756824","post","type-post","status-publish","format-standard","has-post-thumbnail","hentry","category-corumba"],"_links":{"self":[{"href":"https:\/\/bandfmcorumba.agoranoar.com.br\/index.php\/wp-json\/wp\/v2\/posts\/11756824","targetHints":{"allow":["GET"]}}],"collection":[{"href":"https:\/\/bandfmcorumba.agoranoar.com.br\/index.php\/wp-json\/wp\/v2\/posts"}],"about":[{"href":"https:\/\/bandfmcorumba.agoranoar.com.br\/index.php\/wp-json\/wp\/v2\/types\/post"}],"author":[{"embeddable":true,"href":"https:\/\/bandfmcorumba.agoranoar.com.br\/index.php\/wp-json\/wp\/v2\/users\/2"}],"replies":[{"embeddable":true,"href":"https:\/\/bandfmcorumba.agoranoar.com.br\/index.php\/wp-json\/wp\/v2\/comments?post=11756824"}],"version-history":[{"count":0,"href":"https:\/\/bandfmcorumba.agoranoar.com.br\/index.php\/wp-json\/wp\/v2\/posts\/11756824\/revisions"}],"wp:featuredmedia":[{"embeddable":true,"href":"https:\/\/bandfmcorumba.agoranoar.com.br\/index.php\/wp-json\/wp\/v2\/media\/11756825"}],"wp:attachment":[{"href":"https:\/\/bandfmcorumba.agoranoar.com.br\/index.php\/wp-json\/wp\/v2\/media?parent=11756824"}],"wp:term":[{"taxonomy":"category","embeddable":true,"href":"https:\/\/bandfmcorumba.agoranoar.com.br\/index.php\/wp-json\/wp\/v2\/categories?post=11756824"},{"taxonomy":"post_tag","embeddable":true,"href":"https:\/\/bandfmcorumba.agoranoar.com.br\/index.php\/wp-json\/wp\/v2\/tags?post=11756824"}],"curies":[{"name":"wp","href":"https:\/\/api.w.org\/{rel}","templated":true}]}}