{"id":11756809,"date":"2026-08-04T10:03:52","date_gmt":"2026-08-04T14:03:52","guid":{"rendered":"https:\/\/grupopantanalms.com.br\/?p=11756809"},"modified":"2026-08-04T10:03:52","modified_gmt":"2026-08-04T14:03:52","slug":"inscricoes-para-contratacao-de-professores-temporarios-em-corumba-comecam-na-quinta-feira","status":"publish","type":"post","link":"https:\/\/bandfmcorumba.agoranoar.com.br\/index.php\/2026\/08\/04\/inscricoes-para-contratacao-de-professores-temporarios-em-corumba-comecam-na-quinta-feira\/","title":{"rendered":"Inscri\u00e7\u00f5es para contrata\u00e7\u00e3o de professores tempor\u00e1rios em Corumb\u00e1 come\u00e7am na quinta-feira"},"content":{"rendered":"\n<p class=\"wp-block-paragraph\">Fonte:&nbsp;<strong>Assessoria de Comunica\u00e7\u00e3o da PMC<\/strong>&nbsp;em 04 de Agosto de 2026<\/p>\n\n\n\n<p class=\"wp-block-paragraph\">Divulga\u00e7\u00e3o\/Semed<\/p>\n\n\n\n\n\n<p class=\"wp-block-paragraph\">A Prefeitura de Corumb\u00e1 abre, no dia 6 de agosto, as inscri\u00e7\u00f5es do Processo Seletivo Simplificado para contrata\u00e7\u00e3o tempor\u00e1ria de professores para a Regi\u00e3o das \u00c1guas (no Pantanal). S\u00e3o 9 vagas para seis \u00e1reas, com sal\u00e1rio de R$ 6.897,94 e jornada de 40 horas semanais.<\/p>\n\n\n\n<p class=\"wp-block-paragraph\">O Edital 001\/001\/2026, do Processo 14.414\/2026, foi publicado pela Secretaria Municipal de Educa\u00e7\u00e3o e pela Escola de Governo no&nbsp;<a href=\"https:\/\/do.corumba.ms.gov.br\/\" target=\"_blank\" rel=\"noreferrer noopener\">Di\u00e1rio Oficial&nbsp;<\/a>de segunda-feira (3), nas p\u00e1ginas 12 a 25.<\/p>\n\n\n\n<p class=\"wp-block-paragraph\"><strong>As oportunidades s\u00e3o para:<\/strong><\/p>\n\n\n\n<ul class=\"wp-block-list\">\n<li>Professor de Apoio Educacional Inclusivo: 2 vagas + cadastro reserva<\/li>\n\n\n\n<li>Professor de Ensino Fundamental I: 1 vaga + cadastro reserva<\/li>\n\n\n\n<li>Professor de Matem\u00e1tica: 3 vagas + cadastro reserva<\/li>\n\n\n\n<li>Professor de Hist\u00f3ria: 3 vagas + cadastro reserva<\/li>\n\n\n\n<li>Professor de Letras \u2013 L\u00edngua Portuguesa e Ingl\u00eas: cadastro reserva<\/li>\n\n\n\n<li>Professor de Letras \u2013 L\u00edngua Portuguesa e Espanhol: cadastro reserva<\/li>\n<\/ul>\n\n\n\n<p class=\"wp-block-paragraph\">As inscri\u00e7\u00f5es s\u00e3o gratuitas e devem ser feitas exclusivamente pela internet, de 6 a 9 de agosto, pelo site&nbsp;<a href=\"http:\/\/stic.corumba.ms.gov.br\/inscricao\" target=\"_blank\" rel=\"noreferrer noopener\"><strong>stic.corumba.ms.gov.br\/inscricao<\/strong><\/a>. A sele\u00e7\u00e3o ser\u00e1 composta por inscri\u00e7\u00e3o on-line, an\u00e1lise curricular e homologa\u00e7\u00e3o do resultado final, com validade de at\u00e9 12 meses, prorrog\u00e1vel a crit\u00e9rio da Administra\u00e7\u00e3o Municipal.<\/p>\n","protected":false},"excerpt":{"rendered":"<p>Fonte:&nbsp;Assessoria de Comunica\u00e7\u00e3o da PMC&nbsp;em 04 de Agosto de 2026 Divulga\u00e7\u00e3o\/Semed A Prefeitura de Corumb\u00e1 abre, no dia 6 de agosto, as inscri\u00e7\u00f5es do Processo Seletivo Simplificado para contrata\u00e7\u00e3o tempor\u00e1ria de professores para a Regi\u00e3o das \u00c1guas (no Pantanal). S\u00e3o 9 vagas para seis \u00e1reas, com sal\u00e1rio de R$ 6.897,94 e jornada de 40 horas [&hellip;]<\/p>\n","protected":false},"author":2,"featured_media":11756810,"comment_status":"closed","ping_status":"open","sticky":false,"template":"","format":"standard","meta":{"footnotes":""},"categories":[2],"tags":[],"class_list":["post-11756809","post","type-post","status-publish","format-standard","has-post-thumbnail","hentry","category-corumba"],"_links":{"self":[{"href":"https:\/\/bandfmcorumba.agoranoar.com.br\/index.php\/wp-json\/wp\/v2\/posts\/11756809","targetHints":{"allow":["GET"]}}],"collection":[{"href":"https:\/\/bandfmcorumba.agoranoar.com.br\/index.php\/wp-json\/wp\/v2\/posts"}],"about":[{"href":"https:\/\/bandfmcorumba.agoranoar.com.br\/index.php\/wp-json\/wp\/v2\/types\/post"}],"author":[{"embeddable":true,"href":"https:\/\/bandfmcorumba.agoranoar.com.br\/index.php\/wp-json\/wp\/v2\/users\/2"}],"replies":[{"embeddable":true,"href":"https:\/\/bandfmcorumba.agoranoar.com.br\/index.php\/wp-json\/wp\/v2\/comments?post=11756809"}],"version-history":[{"count":0,"href":"https:\/\/bandfmcorumba.agoranoar.com.br\/index.php\/wp-json\/wp\/v2\/posts\/11756809\/revisions"}],"wp:featuredmedia":[{"embeddable":true,"href":"https:\/\/bandfmcorumba.agoranoar.com.br\/index.php\/wp-json\/wp\/v2\/media\/11756810"}],"wp:attachment":[{"href":"https:\/\/bandfmcorumba.agoranoar.com.br\/index.php\/wp-json\/wp\/v2\/media?parent=11756809"}],"wp:term":[{"taxonomy":"category","embeddable":true,"href":"https:\/\/bandfmcorumba.agoranoar.com.br\/index.php\/wp-json\/wp\/v2\/categories?post=11756809"},{"taxonomy":"post_tag","embeddable":true,"href":"https:\/\/bandfmcorumba.agoranoar.com.br\/index.php\/wp-json\/wp\/v2\/tags?post=11756809"}],"curies":[{"name":"wp","href":"https:\/\/api.w.org\/{rel}","templated":true}]}}