{"id":11756806,"date":"2026-08-04T09:40:19","date_gmt":"2026-08-04T13:40:19","guid":{"rendered":"https:\/\/grupopantanalms.com.br\/?p=11756806"},"modified":"2026-08-04T09:40:19","modified_gmt":"2026-08-04T13:40:19","slug":"festa-em-honra-a-virgen-de-copacabana-2026","status":"publish","type":"post","link":"https:\/\/bandfmcorumba.agoranoar.com.br\/index.php\/2026\/08\/04\/festa-em-honra-a-virgen-de-copacabana-2026\/","title":{"rendered":"FESTA EM HONRA A VIRGEN DE COPACABANA 2026"},"content":{"rendered":"\n<p class=\"wp-block-paragraph\"><a href=\"https:\/\/www.facebook.com\/groups\/1599542653592792\/user\/100004417052071\/?__cft__[0]=AZbq3ZEP4vD3wY3oWmdUIFJMzRzmbUxft1kXcTpE2XNfSmFD20Z70enl1AEdTLF6wsPVxboEXX5yFlsm-1unK7Q41lYTv5JHeiAAPmE4fY1NGAq5zNJ-wl5qG0aBNOJYo2Hm0YLGQj_fqJJBbn9ZPVuBWsBBYikbLkJ-DZc_sDS_dNhBFVTHKN6DRfgE1U56x_7gT_L2rAgZltrVUNFFTKkH&amp;__tn__=%2CP-R\">Arturo C Ardaya<\/a><\/p>\n\n\n\n\n\n<p class=\"wp-block-paragraph\">A virgem de Copacabana \u00e9 uma devo\u00e7\u00e3o dos irm\u00e3os bolivianos, origin\u00e1rios da cidade de Copacabana junto ao lago Titicaca, na regi\u00e3o de La Paz capital do pais.<\/p>\n\n\n\n<p class=\"wp-block-paragraph\">Seu dia \u00e9 festejado em 2 de fevereiro, o mesmo dia da nossa Senhora da Candelaria. Comemora-se tamb\u00e9m, na data 6 de agosto, que \u00e9 dia da Independ\u00eancia do pa\u00eds, pois ela &#8220;patrona&#8221; padroeira da Bolivia. Sendo o dia escolhido para festejar em em honra Ela nesta regi\u00e3o fronteiri\u00e7a de Corumb\u00e1, Arroyo Concepci\u00f3n e Puerto Quijarro.<\/p>\n\n\n\n<p class=\"wp-block-paragraph\">A vinte e quatro anos, imigrantes bolivianos peruanos e brasileiros, formados por artes\u00e3os, feirantes e comerciantes, com sua com sua maioria residentes no Brasil, realizam esta que \u00e9 a maior manifesta\u00e7\u00e3o popular de de cultura, f\u00e9 \u00e9 folclore desta regi\u00e3o fronteiri\u00e7a, fazendo uma verdadeira integra\u00e7\u00e3o nos dois lados da divisa. Desejamos que este evento, que ja \u00e9 consolidado, tem data e hor\u00e1rio fixo a mais de 20 anos, seja apropriado pelo munic\u00edpio, como bem cultural e tur\u00edstico desta regi\u00e3o.<\/p>\n\n\n\n<p class=\"wp-block-paragraph\">REALIZAC\u00c3O<\/p>\n\n\n\n<p class=\"wp-block-paragraph\">Os festejos da Virgem de Copacabana, iniciam-se com uma missa na Catedral de Nossa Senhora de Candelaria, \u00e0s 13:30 horas, ap\u00f3s a celebra\u00e7\u00e3o h\u00e1 um ritual com os &#8220;passantes&#8221; (festeiros), na escadaria da da igreja. A seguir seguem em prociss\u00e3o folcl\u00f3rica de f\u00e9, alegria com carros aleg\u00f3ricos ornamentados com com artes com artesanato, prata objetos de valor que que representam os desejos e pedidos dos devotos. Blocos de Morenada, saem com uma Banda com mais de 80 m\u00fasicos, percorrendo as ruas centrais de Corumb\u00e1, iniciando na travessa Elo Urt, sobem a rua Ant\u00f3nia Maria viram pela Rua Dom Aquino, at\u00e9 a Rua Luis Feitosa Rodrigues. A seguir deslocam-se a divisa em Arroyo Concepcion, para fazer uma nova manifesta\u00e7\u00e3o cultural naquela localidade, seguindo depois dan\u00e7ando, at\u00e9 o clube em que fazem um jantar festivo variadas comidas t\u00edpicas, muita bebida, indo at\u00e9 o amanhecer.<\/p>\n\n\n\n<p class=\"wp-block-paragraph\">VENHAM, TRAGAM A FAM\u00cdLIA, AMIGOS, CONVIDEM TURISTAS. MOMENTO DE F\u00c9, ALEGRIA, CULTURA, FOLCLORE.<\/p>\n\n\n\n<p class=\"wp-block-paragraph\">LA MAMITA LOS ESPERA Y BENDIGA TODOS!<\/p>\n","protected":false},"excerpt":{"rendered":"<p>Arturo C Ardaya A virgem de Copacabana \u00e9 uma devo\u00e7\u00e3o dos irm\u00e3os bolivianos, origin\u00e1rios da cidade de Copacabana junto ao lago Titicaca, na regi\u00e3o de La Paz capital do pais. Seu dia \u00e9 festejado em 2 de fevereiro, o mesmo dia da nossa Senhora da Candelaria. Comemora-se tamb\u00e9m, na data 6 de agosto, que \u00e9 [&hellip;]<\/p>\n","protected":false},"author":2,"featured_media":11756807,"comment_status":"closed","ping_status":"open","sticky":false,"template":"","format":"standard","meta":{"footnotes":""},"categories":[2],"tags":[],"class_list":["post-11756806","post","type-post","status-publish","format-standard","has-post-thumbnail","hentry","category-corumba"],"_links":{"self":[{"href":"https:\/\/bandfmcorumba.agoranoar.com.br\/index.php\/wp-json\/wp\/v2\/posts\/11756806","targetHints":{"allow":["GET"]}}],"collection":[{"href":"https:\/\/bandfmcorumba.agoranoar.com.br\/index.php\/wp-json\/wp\/v2\/posts"}],"about":[{"href":"https:\/\/bandfmcorumba.agoranoar.com.br\/index.php\/wp-json\/wp\/v2\/types\/post"}],"author":[{"embeddable":true,"href":"https:\/\/bandfmcorumba.agoranoar.com.br\/index.php\/wp-json\/wp\/v2\/users\/2"}],"replies":[{"embeddable":true,"href":"https:\/\/bandfmcorumba.agoranoar.com.br\/index.php\/wp-json\/wp\/v2\/comments?post=11756806"}],"version-history":[{"count":0,"href":"https:\/\/bandfmcorumba.agoranoar.com.br\/index.php\/wp-json\/wp\/v2\/posts\/11756806\/revisions"}],"wp:featuredmedia":[{"embeddable":true,"href":"https:\/\/bandfmcorumba.agoranoar.com.br\/index.php\/wp-json\/wp\/v2\/media\/11756807"}],"wp:attachment":[{"href":"https:\/\/bandfmcorumba.agoranoar.com.br\/index.php\/wp-json\/wp\/v2\/media?parent=11756806"}],"wp:term":[{"taxonomy":"category","embeddable":true,"href":"https:\/\/bandfmcorumba.agoranoar.com.br\/index.php\/wp-json\/wp\/v2\/categories?post=11756806"},{"taxonomy":"post_tag","embeddable":true,"href":"https:\/\/bandfmcorumba.agoranoar.com.br\/index.php\/wp-json\/wp\/v2\/tags?post=11756806"}],"curies":[{"name":"wp","href":"https:\/\/api.w.org\/{rel}","templated":true}]}}