{"id":11756803,"date":"2026-08-04T09:26:30","date_gmt":"2026-08-04T13:26:30","guid":{"rendered":"https:\/\/grupopantanalms.com.br\/?p=11756803"},"modified":"2026-08-04T09:26:30","modified_gmt":"2026-08-04T13:26:30","slug":"homem-em-situacao-de-rua-e-chutado-e-morto-com-tiro-na-cabeca","status":"publish","type":"post","link":"https:\/\/bandfmcorumba.agoranoar.com.br\/index.php\/2026\/08\/04\/homem-em-situacao-de-rua-e-chutado-e-morto-com-tiro-na-cabeca\/","title":{"rendered":"Homem em situa\u00e7\u00e3o de rua \u00e9 chutado e morto com tiro na cabe\u00e7a"},"content":{"rendered":"\n<p class=\"wp-block-paragraph\">Primeira Hora<\/p>\n\n\n\n\n\n<p class=\"wp-block-paragraph\">Um homem em situa\u00e7\u00e3o de rua foi assassinado com um tiro na cabe\u00e7a na tarde da \u00faltima quinta-feira (30\/07), em Ribeir\u00e3o Preto, no interior de S\u00e3o Paulo. Imagens obtidas pelo Metr\u00f3poles mostram o momento em que o suspeito, que estava em uma bicicleta, se aproxima da v\u00edtima, que dormia na cal\u00e7ada da Rua Alagoas, no bairro Campos El\u00edseos, desfere um chute e, em seguida, efetua um disparo contra a cabe\u00e7a do homem, fugindo logo ap\u00f3s o crime.<\/p>\n\n\n\n<p class=\"wp-block-paragraph\">A v\u00edtima, de 33 anos, foi socorrida em estado grav\u00edssimo por uma equipe do Servi\u00e7o de Atendimento M\u00f3vel de Urg\u00eancia (Samu) e encaminhada \u00e0 Unidade de Emerg\u00eancia do Hospital das Cl\u00ednicas, onde n\u00e3o resistiu aos ferimentos e morreu na tarde do mesmo dia. Um policial militar que trafegava pela regi\u00e3o encontrou o homem baleado e acionou o atendimento.<\/p>\n\n\n\n<p class=\"wp-block-paragraph\">O caso foi registrado como homic\u00eddio na Central da Pol\u00edcia Judici\u00e1ria (CPJ) de Ribeir\u00e3o Preto e est\u00e1 sob investiga\u00e7\u00e3o da Pol\u00edcia Civil, que realiza buscas para identificar e prender o autor do crime. A Secretaria da Seguran\u00e7a P\u00fablica (SSP) informou que a v\u00edtima dormia ao relento quando foi atacada.<\/p>\n","protected":false},"excerpt":{"rendered":"<p>Primeira Hora Um homem em situa\u00e7\u00e3o de rua foi assassinado com um tiro na cabe\u00e7a na tarde da \u00faltima quinta-feira (30\/07), em Ribeir\u00e3o Preto, no interior de S\u00e3o Paulo. Imagens obtidas pelo Metr\u00f3poles mostram o momento em que o suspeito, que estava em uma bicicleta, se aproxima da v\u00edtima, que dormia na cal\u00e7ada da Rua [&hellip;]<\/p>\n","protected":false},"author":2,"featured_media":11756804,"comment_status":"closed","ping_status":"open","sticky":false,"template":"","format":"standard","meta":{"footnotes":""},"categories":[5],"tags":[],"class_list":["post-11756803","post","type-post","status-publish","format-standard","has-post-thumbnail","hentry","category-policia"],"_links":{"self":[{"href":"https:\/\/bandfmcorumba.agoranoar.com.br\/index.php\/wp-json\/wp\/v2\/posts\/11756803","targetHints":{"allow":["GET"]}}],"collection":[{"href":"https:\/\/bandfmcorumba.agoranoar.com.br\/index.php\/wp-json\/wp\/v2\/posts"}],"about":[{"href":"https:\/\/bandfmcorumba.agoranoar.com.br\/index.php\/wp-json\/wp\/v2\/types\/post"}],"author":[{"embeddable":true,"href":"https:\/\/bandfmcorumba.agoranoar.com.br\/index.php\/wp-json\/wp\/v2\/users\/2"}],"replies":[{"embeddable":true,"href":"https:\/\/bandfmcorumba.agoranoar.com.br\/index.php\/wp-json\/wp\/v2\/comments?post=11756803"}],"version-history":[{"count":0,"href":"https:\/\/bandfmcorumba.agoranoar.com.br\/index.php\/wp-json\/wp\/v2\/posts\/11756803\/revisions"}],"wp:featuredmedia":[{"embeddable":true,"href":"https:\/\/bandfmcorumba.agoranoar.com.br\/index.php\/wp-json\/wp\/v2\/media\/11756804"}],"wp:attachment":[{"href":"https:\/\/bandfmcorumba.agoranoar.com.br\/index.php\/wp-json\/wp\/v2\/media?parent=11756803"}],"wp:term":[{"taxonomy":"category","embeddable":true,"href":"https:\/\/bandfmcorumba.agoranoar.com.br\/index.php\/wp-json\/wp\/v2\/categories?post=11756803"},{"taxonomy":"post_tag","embeddable":true,"href":"https:\/\/bandfmcorumba.agoranoar.com.br\/index.php\/wp-json\/wp\/v2\/tags?post=11756803"}],"curies":[{"name":"wp","href":"https:\/\/api.w.org\/{rel}","templated":true}]}}