{"id":11756801,"date":"2026-08-04T09:24:33","date_gmt":"2026-08-04T13:24:33","guid":{"rendered":"https:\/\/grupopantanalms.com.br\/?p=11756801"},"modified":"2026-08-04T09:24:33","modified_gmt":"2026-08-04T13:24:33","slug":"embarcacao-e-alvo-de-furto-no-porto-geral-de-corumba","status":"publish","type":"post","link":"https:\/\/bandfmcorumba.agoranoar.com.br\/index.php\/2026\/08\/04\/embarcacao-e-alvo-de-furto-no-porto-geral-de-corumba\/","title":{"rendered":"Embarca\u00e7\u00e3o \u00e9 alvo de furto no Porto Geral de Corumb\u00e1"},"content":{"rendered":"\n<p class=\"wp-block-paragraph\"><strong>Leonardo Cabral<\/strong>&nbsp;em 04 de Agosto de 2026<\/p>\n\n\n\n\n\n<p class=\"wp-block-paragraph\">Uma embarca\u00e7\u00e3o atracada nas proximidades da Prainha do Porto Geral, em Corumb\u00e1, foi alvo de furto na madrugada de segunda-feira (3). O caso foi registrado na 1\u00aa Delegacia de Pol\u00edcia Civil e consta no boletim de ocorr\u00eancia n\u00ba 3274\/2026, ao qual o<strong>&nbsp;Di\u00e1rio Corumbaense<\/strong>&nbsp;teve acesso.<\/p>\n\n\n\n<p class=\"wp-block-paragraph\">A filha da propriet\u00e1ria da embarca\u00e7\u00e3o procurou a Pol\u00edcia Civil para relatar a invas\u00e3o e o furto de objetos. Segundo o relato, por volta das 2h, indiv\u00edduos ainda n\u00e3o identificados entraram no barco ap\u00f3s arrombarem portas de acesso ao conv\u00e9s principal e \u00e0 cozinha.<\/p>\n\n\n\n<p class=\"wp-block-paragraph\">No interior da cozinha, foram furtados duas caixas de som, al\u00e9m de panelas e cabos el\u00e9tricos que estavam armazenados dentro de um freezer.<\/p>\n\n\n\n<p class=\"wp-block-paragraph\">A comunicante explicou aos policiais que costuma guardar os cabos no freezer por se tratarem de materiais destinados \u00e0 reciclagem e \u00e0 manuten\u00e7\u00e3o da embarca\u00e7\u00e3o. O barco possui compartimentos individualizados, todos equipados com portas e janelas.<\/p>\n\n\n\n<p class=\"wp-block-paragraph\">Durante a a\u00e7\u00e3o, os autores tamb\u00e9m retiraram aparelhos de ar-condicionado e os deixaram posicionados para serem levados. No entanto, n\u00e3o conseguiram concluir o furto dos equipamentos.<\/p>\n\n\n\n<p class=\"wp-block-paragraph\">A embarca\u00e7\u00e3o conta com um vigia, que relatou ter ouvido barulhos e latidos de c\u00e3es durante a madrugada. Ele, por\u00e9m, n\u00e3o conseguiu identificar os poss\u00edveis autores, pois acreditou que os ru\u00eddos fossem decorrentes da movimenta\u00e7\u00e3o habitual de botes nas proximidades.<\/p>\n","protected":false},"excerpt":{"rendered":"<p>Leonardo Cabral&nbsp;em 04 de Agosto de 2026 Uma embarca\u00e7\u00e3o atracada nas proximidades da Prainha do Porto Geral, em Corumb\u00e1, foi alvo de furto na madrugada de segunda-feira (3). O caso foi registrado na 1\u00aa Delegacia de Pol\u00edcia Civil e consta no boletim de ocorr\u00eancia n\u00ba 3274\/2026, ao qual o&nbsp;Di\u00e1rio Corumbaense&nbsp;teve acesso. A filha da propriet\u00e1ria [&hellip;]<\/p>\n","protected":false},"author":2,"featured_media":11752987,"comment_status":"closed","ping_status":"open","sticky":false,"template":"","format":"standard","meta":{"footnotes":""},"categories":[5],"tags":[],"class_list":["post-11756801","post","type-post","status-publish","format-standard","has-post-thumbnail","hentry","category-policia"],"_links":{"self":[{"href":"https:\/\/bandfmcorumba.agoranoar.com.br\/index.php\/wp-json\/wp\/v2\/posts\/11756801","targetHints":{"allow":["GET"]}}],"collection":[{"href":"https:\/\/bandfmcorumba.agoranoar.com.br\/index.php\/wp-json\/wp\/v2\/posts"}],"about":[{"href":"https:\/\/bandfmcorumba.agoranoar.com.br\/index.php\/wp-json\/wp\/v2\/types\/post"}],"author":[{"embeddable":true,"href":"https:\/\/bandfmcorumba.agoranoar.com.br\/index.php\/wp-json\/wp\/v2\/users\/2"}],"replies":[{"embeddable":true,"href":"https:\/\/bandfmcorumba.agoranoar.com.br\/index.php\/wp-json\/wp\/v2\/comments?post=11756801"}],"version-history":[{"count":0,"href":"https:\/\/bandfmcorumba.agoranoar.com.br\/index.php\/wp-json\/wp\/v2\/posts\/11756801\/revisions"}],"wp:featuredmedia":[{"embeddable":true,"href":"https:\/\/bandfmcorumba.agoranoar.com.br\/index.php\/wp-json\/wp\/v2\/media\/11752987"}],"wp:attachment":[{"href":"https:\/\/bandfmcorumba.agoranoar.com.br\/index.php\/wp-json\/wp\/v2\/media?parent=11756801"}],"wp:term":[{"taxonomy":"category","embeddable":true,"href":"https:\/\/bandfmcorumba.agoranoar.com.br\/index.php\/wp-json\/wp\/v2\/categories?post=11756801"},{"taxonomy":"post_tag","embeddable":true,"href":"https:\/\/bandfmcorumba.agoranoar.com.br\/index.php\/wp-json\/wp\/v2\/tags?post=11756801"}],"curies":[{"name":"wp","href":"https:\/\/api.w.org\/{rel}","templated":true}]}}