{"id":11756777,"date":"2026-08-03T09:22:06","date_gmt":"2026-08-03T13:22:06","guid":{"rendered":"https:\/\/grupopantanalms.com.br\/?p=11756777"},"modified":"2026-08-03T09:22:06","modified_gmt":"2026-08-03T13:22:06","slug":"encontrada-um-corpo-de-uma-mulher","status":"publish","type":"post","link":"https:\/\/bandfmcorumba.agoranoar.com.br\/index.php\/2026\/08\/03\/encontrada-um-corpo-de-uma-mulher\/","title":{"rendered":"Encontrada um corpo de uma mulher"},"content":{"rendered":"\n<p class=\"wp-block-paragraph\"><a href=\"https:\/\/www.facebook.com\/groups\/5257729220998937\/user\/61577060266091\/?__cft__[0]=AZbfcuRVr74sjBtUE-3HpWbvvEozHugZg7B4nAbq57KYROh6SzXUmPBvGojkps8LcZ519EKM9MSeVA4-xFO6NMbp-tZzFkvLfEYUVxHCs6BjHe5O4inVprYgAZ6dYE2QA5c0fSjf7_GFAiSDmbAqDqXCkMIAx5-sJejaQjILSdD87dbqkRC7DB394JW81Muh6eBYLbIOb2zcyJ3uQyr5A_yT&amp;__tn__=%2CP-R\">Jornal OGPC News<\/a>\u00a0<\/p>\n\n\n\n\n\n<p class=\"wp-block-paragraph\">Uma mulher identificada com as iniciais R.B.C, 41 anos, perdeu sua vida na manh\u00e3 deste domingo cat\u00f3lico, dia 02 de agosto, com requinte de crueldade, possivelmente com pauladas e golpes de faca, na estrada da Pedreira, que d\u00e1 acesso \u00e0 aldeia Jaguapiru, na reserva ind\u00edgena de Dourados.<\/p>\n\n\n\n<p class=\"wp-block-paragraph\">Segundo informa\u00e7\u00f5es do delegado da Depac (Delegacia de Pronto Atendimento Comunit\u00e1rio), Demerval Neto, possivelmente trata-se de mais um feminic\u00eddio, j\u00e1 que o principal suspeito \u00e9 o atual marido da v\u00edtima, em parceria com a ex-esposa dele, identificada com as iniciais O.B., 50 anos, que j\u00e1 est\u00e1 presa.<\/p>\n\n\n\n<p class=\"wp-block-paragraph\">Agentes da PM (Pol\u00edcia Militar), PC (Pol\u00edcia Civil) e Pol\u00edcia Cientifica, estiveram no local fazendo investiga\u00e7\u00f5es e levantamentos para determinar a din\u00e2mica do crime.<\/p>\n","protected":false},"excerpt":{"rendered":"<p>Jornal OGPC News\u00a0 Uma mulher identificada com as iniciais R.B.C, 41 anos, perdeu sua vida na manh\u00e3 deste domingo cat\u00f3lico, dia 02 de agosto, com requinte de crueldade, possivelmente com pauladas e golpes de faca, na estrada da Pedreira, que d\u00e1 acesso \u00e0 aldeia Jaguapiru, na reserva ind\u00edgena de Dourados. Segundo informa\u00e7\u00f5es do delegado da [&hellip;]<\/p>\n","protected":false},"author":2,"featured_media":11756778,"comment_status":"closed","ping_status":"open","sticky":false,"template":"","format":"standard","meta":{"footnotes":""},"categories":[5],"tags":[],"class_list":["post-11756777","post","type-post","status-publish","format-standard","has-post-thumbnail","hentry","category-policia"],"_links":{"self":[{"href":"https:\/\/bandfmcorumba.agoranoar.com.br\/index.php\/wp-json\/wp\/v2\/posts\/11756777","targetHints":{"allow":["GET"]}}],"collection":[{"href":"https:\/\/bandfmcorumba.agoranoar.com.br\/index.php\/wp-json\/wp\/v2\/posts"}],"about":[{"href":"https:\/\/bandfmcorumba.agoranoar.com.br\/index.php\/wp-json\/wp\/v2\/types\/post"}],"author":[{"embeddable":true,"href":"https:\/\/bandfmcorumba.agoranoar.com.br\/index.php\/wp-json\/wp\/v2\/users\/2"}],"replies":[{"embeddable":true,"href":"https:\/\/bandfmcorumba.agoranoar.com.br\/index.php\/wp-json\/wp\/v2\/comments?post=11756777"}],"version-history":[{"count":0,"href":"https:\/\/bandfmcorumba.agoranoar.com.br\/index.php\/wp-json\/wp\/v2\/posts\/11756777\/revisions"}],"wp:featuredmedia":[{"embeddable":true,"href":"https:\/\/bandfmcorumba.agoranoar.com.br\/index.php\/wp-json\/wp\/v2\/media\/11756778"}],"wp:attachment":[{"href":"https:\/\/bandfmcorumba.agoranoar.com.br\/index.php\/wp-json\/wp\/v2\/media?parent=11756777"}],"wp:term":[{"taxonomy":"category","embeddable":true,"href":"https:\/\/bandfmcorumba.agoranoar.com.br\/index.php\/wp-json\/wp\/v2\/categories?post=11756777"},{"taxonomy":"post_tag","embeddable":true,"href":"https:\/\/bandfmcorumba.agoranoar.com.br\/index.php\/wp-json\/wp\/v2\/tags?post=11756777"}],"curies":[{"name":"wp","href":"https:\/\/api.w.org\/{rel}","templated":true}]}}