{"id":11756759,"date":"2026-08-03T08:04:49","date_gmt":"2026-08-03T12:04:49","guid":{"rendered":"https:\/\/grupopantanalms.com.br\/?p=11756759"},"modified":"2026-08-03T08:04:49","modified_gmt":"2026-08-03T12:04:49","slug":"bombeiros-registram-sete-incendios-em-vegetacao-no-plantao-de-24-horas","status":"publish","type":"post","link":"https:\/\/bandfmcorumba.agoranoar.com.br\/index.php\/2026\/08\/03\/bombeiros-registram-sete-incendios-em-vegetacao-no-plantao-de-24-horas\/","title":{"rendered":"Bombeiros registram sete inc\u00eandios em vegeta\u00e7\u00e3o no plant\u00e3o de 24 horas"},"content":{"rendered":"\n<p class=\"wp-block-paragraph\"><strong>Rosana Nunes<\/strong>\u00a0<\/p>\n\n\n\n<p class=\"wp-block-paragraph\">Divulga\u00e7\u00e3o\/Corpo de Bombeiros Militar<\/p>\n\n\n\n\n\n<p class=\"wp-block-paragraph\">O Corpo de Bombeiros Militar atendeu sete ocorr\u00eancias de inc\u00eandio em vegeta\u00e7\u00e3o nas \u00faltimas 24 horas em Corumb\u00e1 e Lad\u00e1rio. Os casos foram registrados em \u00e1reas urbanas e estavam relacionados principalmente a terrenos baldios com ac\u00famulo de vegeta\u00e7\u00e3o seca, lixo dom\u00e9stico, res\u00edduos, m\u00f3veis descartados irregularmente e at\u00e9 carca\u00e7as de ve\u00edculos.<\/p>\n\n\n\n<p class=\"wp-block-paragraph\">Segundo a Central de Opera\u00e7\u00f5es do 3\u00ba GBM, as ocorr\u00eancias foram registradas \u00e0s 12h45, na rua Jos\u00e9 Fragelli, bairro Nova Corumb\u00e1; \u00e0s 17h, na rua Piau\u00ed, bairro Cristo Redentor; \u00e0s 19h, na rua J\u00falio Miller, bairro Mangueiral, em Lad\u00e1rio; \u00e0s 20h, na rua Cedro, bairro Alta Floresta, tamb\u00e9m em Lad\u00e1rio; \u00e0s 20h30, na rua Bahia, bairro Cristo Redentor, em Corumb\u00e1; \u00e0s 23h30, na rua Duque de Caxias, bairro Aeroporto; e \u00e0s 3h, na rua Marechal Floriano, bairro Popular Nova.<\/p>\n\n\n\n<p class=\"wp-block-paragraph\">Divulga\u00e7\u00e3o\/Corpo de Bombeiros Militar<img decoding=\"async\" src=\"https:\/\/www.diarionline.com.br\/i.php?i=static\/arquivo\/2026-08\/e0fa8d85-d39e-4b78-852e-ebe6b3473235-d1c2.jpg&amp;w=753\"><\/p>\n\n\n\n<p class=\"wp-block-paragraph\">Em uma das ocorr\u00eancias atendidas havia at\u00e9 carca\u00e7as de ve\u00edculosAs equipes realizaram o combate \u00e0s chamas e evitaram que o fogo se propagasse para im\u00f3veis vizinhos, reduzindo o risco de danos maiores.<\/p>\n\n\n\n<p class=\"wp-block-paragraph\">O Corpo de Bombeiros volta a alertar que o per\u00edodo de estiagem favorece a r\u00e1pida propaga\u00e7\u00e3o das chamas devido \u00e0 baixa umidade do ar, \u00e0s altas temperaturas e \u00e0 grande quantidade de vegeta\u00e7\u00e3o seca. Historicamente, agosto e setembro est\u00e3o entre os meses mais cr\u00edticos para esse tipo de ocorr\u00eancia, tanto em \u00e1reas urbanas quanto no Pantanal.<\/p>\n\n\n\n<p class=\"wp-block-paragraph\">A corpora\u00e7\u00e3o orienta a popula\u00e7\u00e3o a n\u00e3o utilizar fogo para a limpeza de terrenos e a evitar o descarte irregular de lixo, m\u00f3veis e outros materiais combust\u00edveis em \u00e1reas abertas. A recomenda\u00e7\u00e3o \u00e9 manter os terrenos limpos e livres de materiais que possam facilitar a propaga\u00e7\u00e3o das chamas.<\/p>\n\n\n\n<p class=\"wp-block-paragraph\">Em caso de princ\u00edpio de inc\u00eandio, a orienta\u00e7\u00e3o \u00e9 acionar imediatamente o Corpo de Bombeiros pelo telefone&nbsp;<strong>193<\/strong>.<\/p>\n","protected":false},"excerpt":{"rendered":"<p>Rosana Nunes\u00a0 Divulga\u00e7\u00e3o\/Corpo de Bombeiros Militar O Corpo de Bombeiros Militar atendeu sete ocorr\u00eancias de inc\u00eandio em vegeta\u00e7\u00e3o nas \u00faltimas 24 horas em Corumb\u00e1 e Lad\u00e1rio. Os casos foram registrados em \u00e1reas urbanas e estavam relacionados principalmente a terrenos baldios com ac\u00famulo de vegeta\u00e7\u00e3o seca, lixo dom\u00e9stico, res\u00edduos, m\u00f3veis descartados irregularmente e at\u00e9 carca\u00e7as de [&hellip;]<\/p>\n","protected":false},"author":2,"featured_media":11756760,"comment_status":"closed","ping_status":"open","sticky":false,"template":"","format":"standard","meta":{"footnotes":""},"categories":[2,3],"tags":[],"class_list":["post-11756759","post","type-post","status-publish","format-standard","has-post-thumbnail","hentry","category-corumba","category-destaque"],"_links":{"self":[{"href":"https:\/\/bandfmcorumba.agoranoar.com.br\/index.php\/wp-json\/wp\/v2\/posts\/11756759","targetHints":{"allow":["GET"]}}],"collection":[{"href":"https:\/\/bandfmcorumba.agoranoar.com.br\/index.php\/wp-json\/wp\/v2\/posts"}],"about":[{"href":"https:\/\/bandfmcorumba.agoranoar.com.br\/index.php\/wp-json\/wp\/v2\/types\/post"}],"author":[{"embeddable":true,"href":"https:\/\/bandfmcorumba.agoranoar.com.br\/index.php\/wp-json\/wp\/v2\/users\/2"}],"replies":[{"embeddable":true,"href":"https:\/\/bandfmcorumba.agoranoar.com.br\/index.php\/wp-json\/wp\/v2\/comments?post=11756759"}],"version-history":[{"count":0,"href":"https:\/\/bandfmcorumba.agoranoar.com.br\/index.php\/wp-json\/wp\/v2\/posts\/11756759\/revisions"}],"wp:featuredmedia":[{"embeddable":true,"href":"https:\/\/bandfmcorumba.agoranoar.com.br\/index.php\/wp-json\/wp\/v2\/media\/11756760"}],"wp:attachment":[{"href":"https:\/\/bandfmcorumba.agoranoar.com.br\/index.php\/wp-json\/wp\/v2\/media?parent=11756759"}],"wp:term":[{"taxonomy":"category","embeddable":true,"href":"https:\/\/bandfmcorumba.agoranoar.com.br\/index.php\/wp-json\/wp\/v2\/categories?post=11756759"},{"taxonomy":"post_tag","embeddable":true,"href":"https:\/\/bandfmcorumba.agoranoar.com.br\/index.php\/wp-json\/wp\/v2\/tags?post=11756759"}],"curies":[{"name":"wp","href":"https:\/\/api.w.org\/{rel}","templated":true}]}}