{"id":11756750,"date":"2026-08-01T08:53:00","date_gmt":"2026-08-01T12:53:00","guid":{"rendered":"https:\/\/grupopantanalms.com.br\/?p=11756750"},"modified":"2026-08-01T08:53:00","modified_gmt":"2026-08-01T12:53:00","slug":"nelsinho-trad-desiste-de-reeleicao-e-sera-suplente-na-chapa-de-azambuja-ao-senado","status":"publish","type":"post","link":"https:\/\/bandfmcorumba.agoranoar.com.br\/index.php\/2026\/08\/01\/nelsinho-trad-desiste-de-reeleicao-e-sera-suplente-na-chapa-de-azambuja-ao-senado\/","title":{"rendered":"Nelsinho Trad desiste de reelei\u00e7\u00e3o e ser\u00e1 suplente na chapa de Azambuja ao Senado"},"content":{"rendered":"\n<p class=\"wp-block-paragraph\"><strong>Rosana Nunes<\/strong>&nbsp;em 01 de Agosto de 2026<\/p>\n\n\n\n<p class=\"wp-block-paragraph\">Divulga\u00e7\u00e3o<\/p>\n\n\n\n\n\n<p class=\"wp-block-paragraph\">O senador Nelsinho Trad (PSD) surpreendeu o meio pol\u00edtico de Mato Grosso do Sul nesta sexta-feira (31) ao anunciar oficialmente sua desist\u00eancia da disputa pela reelei\u00e7\u00e3o ao Senado Federal. A decis\u00e3o foi confirmada pelo parlamentar por meio de nota oficial.<\/p>\n\n\n\n<p class=\"wp-block-paragraph\">Trad informou que passar\u00e1 a integrar, como suplente, a chapa encabe\u00e7ada pelo ex-governador Reinaldo Azambuja (PL), em uma composi\u00e7\u00e3o que re\u00fane interesses do PSD e de outras for\u00e7as pol\u00edticas para as elei\u00e7\u00f5es de 2026.<\/p>\n\n\n\n<p class=\"wp-block-paragraph\">Na nota, o senador afirmou que a decis\u00e3o atende a uma orienta\u00e7\u00e3o estrat\u00e9gica da dire\u00e7\u00e3o nacional do PSD, comandado pelo presidente da legenda, Gilberto Kassab. Segundo Trad, a mudan\u00e7a ocorre em nome de uma \u201cgrande alian\u00e7a pelo desenvolvimento de Mato Grosso do Sul\u201d.<\/p>\n\n\n\n<p class=\"wp-block-paragraph\">\u201cAo longo de toda a minha vida p\u00fablica, aprendi que a verdadeira pol\u00edtica n\u00e3o se faz com vaidades individuais, mas com esp\u00edrito coletivo e amor pela nossa gente\u201d, declarou.<\/p>\n\n\n\n<p class=\"wp-block-paragraph\">O senador reconheceu que a decis\u00e3o n\u00e3o foi simples e destacou sua atua\u00e7\u00e3o no Senado, onde afirma ter trabalhado pelos 79 munic\u00edpios de Mato Grosso do Sul. Para Trad, a escolha representa uma mudan\u00e7a de posi\u00e7\u00e3o dentro do projeto pol\u00edtico, e n\u00e3o um afastamento da disputa eleitoral.<\/p>\n\n\n\n<p class=\"wp-block-paragraph\">\u201cN\u00e3o dou um passo atr\u00e1s; dou um passo ao lado para somar for\u00e7as\u201d, afirmou.<\/p>\n\n\n\n<p class=\"wp-block-paragraph\">Na avalia\u00e7\u00e3o do senador, Reinaldo Azambuja representa a continuidade de um trabalho que considera positivo para o Estado. Trad tamb\u00e9m ressaltou que sua participa\u00e7\u00e3o como suplente pretende manter a presen\u00e7a, a experi\u00eancia e a articula\u00e7\u00e3o do PSD na composi\u00e7\u00e3o pol\u00edtica de apoio \u00e0 reelei\u00e7\u00e3o do governador Eduardo Riedel (PP).<\/p>\n\n\n\n<p class=\"wp-block-paragraph\">\u201cSigo de p\u00e9, jogando pelo time, fiel ao meu partido e, acima de tudo, dedicado a servir \u00e0 popula\u00e7\u00e3o sul-mato-grossense at\u00e9 o \u00faltimo dia da minha vida p\u00fablica\u201d, concluiu.<\/p>\n","protected":false},"excerpt":{"rendered":"<p>Rosana Nunes&nbsp;em 01 de Agosto de 2026 Divulga\u00e7\u00e3o O senador Nelsinho Trad (PSD) surpreendeu o meio pol\u00edtico de Mato Grosso do Sul nesta sexta-feira (31) ao anunciar oficialmente sua desist\u00eancia da disputa pela reelei\u00e7\u00e3o ao Senado Federal. A decis\u00e3o foi confirmada pelo parlamentar por meio de nota oficial. Trad informou que passar\u00e1 a integrar, como [&hellip;]<\/p>\n","protected":false},"author":2,"featured_media":11756751,"comment_status":"closed","ping_status":"open","sticky":false,"template":"","format":"standard","meta":{"footnotes":""},"categories":[2,3],"tags":[],"class_list":["post-11756750","post","type-post","status-publish","format-standard","has-post-thumbnail","hentry","category-corumba","category-destaque"],"_links":{"self":[{"href":"https:\/\/bandfmcorumba.agoranoar.com.br\/index.php\/wp-json\/wp\/v2\/posts\/11756750","targetHints":{"allow":["GET"]}}],"collection":[{"href":"https:\/\/bandfmcorumba.agoranoar.com.br\/index.php\/wp-json\/wp\/v2\/posts"}],"about":[{"href":"https:\/\/bandfmcorumba.agoranoar.com.br\/index.php\/wp-json\/wp\/v2\/types\/post"}],"author":[{"embeddable":true,"href":"https:\/\/bandfmcorumba.agoranoar.com.br\/index.php\/wp-json\/wp\/v2\/users\/2"}],"replies":[{"embeddable":true,"href":"https:\/\/bandfmcorumba.agoranoar.com.br\/index.php\/wp-json\/wp\/v2\/comments?post=11756750"}],"version-history":[{"count":0,"href":"https:\/\/bandfmcorumba.agoranoar.com.br\/index.php\/wp-json\/wp\/v2\/posts\/11756750\/revisions"}],"wp:featuredmedia":[{"embeddable":true,"href":"https:\/\/bandfmcorumba.agoranoar.com.br\/index.php\/wp-json\/wp\/v2\/media\/11756751"}],"wp:attachment":[{"href":"https:\/\/bandfmcorumba.agoranoar.com.br\/index.php\/wp-json\/wp\/v2\/media?parent=11756750"}],"wp:term":[{"taxonomy":"category","embeddable":true,"href":"https:\/\/bandfmcorumba.agoranoar.com.br\/index.php\/wp-json\/wp\/v2\/categories?post=11756750"},{"taxonomy":"post_tag","embeddable":true,"href":"https:\/\/bandfmcorumba.agoranoar.com.br\/index.php\/wp-json\/wp\/v2\/tags?post=11756750"}],"curies":[{"name":"wp","href":"https:\/\/api.w.org\/{rel}","templated":true}]}}