{"id":11756732,"date":"2026-07-31T13:32:31","date_gmt":"2026-07-31T17:32:31","guid":{"rendered":"https:\/\/grupopantanalms.com.br\/?p=11756732"},"modified":"2026-07-31T13:32:31","modified_gmt":"2026-07-31T17:32:31","slug":"apos-discussao-homem-mata-ex-namorada-a-facadas-em-agua-clara","status":"publish","type":"post","link":"https:\/\/bandfmcorumba.agoranoar.com.br\/index.php\/2026\/07\/31\/apos-discussao-homem-mata-ex-namorada-a-facadas-em-agua-clara\/","title":{"rendered":"Ap\u00f3s discuss\u00e3o, homem mata ex-namorada a facadas em \u00c1gua Clara"},"content":{"rendered":"\n<p class=\"wp-block-paragraph\"><strong>Campo Grande News<\/strong>&nbsp;em 31 de Julho de 2026<\/p>\n\n\n\n<p class=\"wp-block-paragraph\">Reprodu\u00e7\u00e3o\/Rede Social<\/p>\n\n\n\n\n\n<p class=\"wp-block-paragraph\">Um homem identificado como Daniel Paz dos Santos, 32 anos, foi preso em flagrante ap\u00f3s esfaquear a ex-namorada, Ana Carolina Goes, 45 anos, na tarde desta quinta-feira (30), na regi\u00e3o do N\u00facleo Industrial Barra Mansa, em \u00c1gua Clara, a 198 km de Campo Grande.<\/p>\n\n\n\n<p class=\"wp-block-paragraph\">De acordo com o boletim de ocorr\u00eancia, o crime aconteceu por volta das 16h e foi presenciado pela neta de Ana Carolina, de 5 anos. Houve uma discuss\u00e3o e Daniel atacou a v\u00edtima \u201cviolentamente\u201d, desferiu diversos golpes de faca e fugiu em seguida.<\/p>\n\n\n\n<p class=\"wp-block-paragraph\">A mulher foi socorrida por moradores da regi\u00e3o e levada inicialmente ao Hospital Municipal de \u00c1gua Clara, depois transferida para Tr\u00eas Lagoas, onde recebeu atendimento m\u00e9dico, mas por volta das 23h30 acabou morrendo. Conforme apurou a reportagem, Ana Carolina foi atingida por cerca de 14 facadas<\/p>\n\n\n\n<p class=\"wp-block-paragraph\">Momento em que feminicida chega \u00e0 delegaciaLogo ap\u00f3s o ataque, a Pol\u00edcia Civil deu in\u00edcio \u00e0s buscas e recebeu a informa\u00e7\u00e3o de que o suspeito havia pedido ajuda ao gerente de sua empresa para ser levado a um local incerto. Os investigadores localizaram e abordaram uma picape Fiat Strada, na qual Daniel tentava deixar a cidade para fugir do flagrante.<\/p>\n\n\n\n<p class=\"wp-block-paragraph\">Ele foi capturado cerca de 30 minutos ap\u00f3s o crime e horas antes de a v\u00edtima morrer. V\u00eddeo da p\u00e1gina&nbsp;<em>Alerta \u00c1gua Clara<\/em>&nbsp;mostra momento em que Daniel chega na delegacia da cidade. Durante a abordagem, ele teria confessado informalmente o crime. A per\u00edcia t\u00e9cnica tamb\u00e9m foi acionada para realizar os levantamentos no local das agress\u00f5es.<\/p>\n\n\n\n<p class=\"wp-block-paragraph\">Segundo o portal<em>&nbsp;RCN67<\/em>, Daniel n\u00e3o aceitava o fim do relacionamento e teria feito amea\u00e7as \u00e0 v\u00edtima, inclusive, em uma das ocasi\u00f5es chegou a colocar uma faca no pesco\u00e7o de Ana Carolina.&nbsp;&nbsp;<\/p>\n\n\n\n<p class=\"wp-block-paragraph\">Ela \u00e9 a 17\u00aa v\u00edtima de feminic\u00eddio em Mato Grosso do Sul este ano e o primeiro de \u00c1gua Clara.<\/p>\n","protected":false},"excerpt":{"rendered":"<p>Campo Grande News&nbsp;em 31 de Julho de 2026 Reprodu\u00e7\u00e3o\/Rede Social Um homem identificado como Daniel Paz dos Santos, 32 anos, foi preso em flagrante ap\u00f3s esfaquear a ex-namorada, Ana Carolina Goes, 45 anos, na tarde desta quinta-feira (30), na regi\u00e3o do N\u00facleo Industrial Barra Mansa, em \u00c1gua Clara, a 198 km de Campo Grande. De [&hellip;]<\/p>\n","protected":false},"author":1,"featured_media":11756733,"comment_status":"closed","ping_status":"open","sticky":false,"template":"","format":"standard","meta":{"footnotes":""},"categories":[3,5],"tags":[],"class_list":["post-11756732","post","type-post","status-publish","format-standard","has-post-thumbnail","hentry","category-destaque","category-policia"],"_links":{"self":[{"href":"https:\/\/bandfmcorumba.agoranoar.com.br\/index.php\/wp-json\/wp\/v2\/posts\/11756732","targetHints":{"allow":["GET"]}}],"collection":[{"href":"https:\/\/bandfmcorumba.agoranoar.com.br\/index.php\/wp-json\/wp\/v2\/posts"}],"about":[{"href":"https:\/\/bandfmcorumba.agoranoar.com.br\/index.php\/wp-json\/wp\/v2\/types\/post"}],"author":[{"embeddable":true,"href":"https:\/\/bandfmcorumba.agoranoar.com.br\/index.php\/wp-json\/wp\/v2\/users\/1"}],"replies":[{"embeddable":true,"href":"https:\/\/bandfmcorumba.agoranoar.com.br\/index.php\/wp-json\/wp\/v2\/comments?post=11756732"}],"version-history":[{"count":0,"href":"https:\/\/bandfmcorumba.agoranoar.com.br\/index.php\/wp-json\/wp\/v2\/posts\/11756732\/revisions"}],"wp:attachment":[{"href":"https:\/\/bandfmcorumba.agoranoar.com.br\/index.php\/wp-json\/wp\/v2\/media?parent=11756732"}],"wp:term":[{"taxonomy":"category","embeddable":true,"href":"https:\/\/bandfmcorumba.agoranoar.com.br\/index.php\/wp-json\/wp\/v2\/categories?post=11756732"},{"taxonomy":"post_tag","embeddable":true,"href":"https:\/\/bandfmcorumba.agoranoar.com.br\/index.php\/wp-json\/wp\/v2\/tags?post=11756732"}],"curies":[{"name":"wp","href":"https:\/\/api.w.org\/{rel}","templated":true}]}}