{"id":11756729,"date":"2026-07-31T13:31:14","date_gmt":"2026-07-31T17:31:14","guid":{"rendered":"https:\/\/grupopantanalms.com.br\/?p=11756729"},"modified":"2026-07-31T13:31:14","modified_gmt":"2026-07-31T17:31:14","slug":"homem-com-mandado-de-prisao-e-detido-durante-ocorrencia-de-perturbacao-do-sossego","status":"publish","type":"post","link":"https:\/\/bandfmcorumba.agoranoar.com.br\/index.php\/2026\/07\/31\/homem-com-mandado-de-prisao-e-detido-durante-ocorrencia-de-perturbacao-do-sossego\/","title":{"rendered":"Homem com mandado de pris\u00e3o \u00e9 detido durante ocorr\u00eancia de perturba\u00e7\u00e3o do sossego"},"content":{"rendered":"\n<p class=\"wp-block-paragraph\"><strong>Rosana Nunes<\/strong>&nbsp;em 31 de Julho de 2026<\/p>\n\n\n\n\n\n<p class=\"wp-block-paragraph\">Um homem que tinha mandado de pris\u00e3o em aberto foi detido por equipe do 6\u00ba Batalh\u00e3o da Pol\u00edcia Militar durante o atendimento de uma ocorr\u00eancia de perturba\u00e7\u00e3o do sossego, na tarde de quinta-feira (30), no bairro Guarani, em Corumb\u00e1.<\/p>\n\n\n\n<p class=\"wp-block-paragraph\">A equipe da R\u00e1dio Patrulha foi acionada pelo Centro de Opera\u00e7\u00f5es da Pol\u00edcia Militar (COPOM) por volta das 12h38, ap\u00f3s uma den\u00fancia envolvendo um desentendimento entre dois homens relacionado \u00e0 desocupa\u00e7\u00e3o de um c\u00f4modo de uma resid\u00eancia.<\/p>\n\n\n\n<p class=\"wp-block-paragraph\">Durante o atendimento da ocorr\u00eancia, os policiais realizaram a identifica\u00e7\u00e3o dos envolvidos e consultaram os sistemas de seguran\u00e7a p\u00fablica. Na checagem, foi constatado que um dos homens possu\u00eda um mandado de pris\u00e3o em aberto. Ele recebeu voz de pris\u00e3o e foi encaminhado \u00e0 1\u00aa Delegacia de Pol\u00edcia Civil de Corumb\u00e1 para o cumprimento da ordem judicial.<\/p>\n\n\n\n<p class=\"wp-block-paragraph\">O segundo envolvido n\u00e3o portava documento de identifica\u00e7\u00e3o e apresentou inicialmente dados que n\u00e3o foram localizados nos sistemas policiais. Por esse motivo, tamb\u00e9m foi conduzido \u00e0 delegacia para a devida qualifica\u00e7\u00e3o. Ap\u00f3s a identifica\u00e7\u00e3o, foi constatado que n\u00e3o havia nenhuma restri\u00e7\u00e3o judicial contra ele.<\/p>\n\n\n\n<p class=\"wp-block-paragraph\">Os dois homens foram apresentados \u00e0 autoridade policial sem les\u00f5es corporais aparentes.<\/p>\n","protected":false},"excerpt":{"rendered":"<p>Rosana Nunes&nbsp;em 31 de Julho de 2026 Um homem que tinha mandado de pris\u00e3o em aberto foi detido por equipe do 6\u00ba Batalh\u00e3o da Pol\u00edcia Militar durante o atendimento de uma ocorr\u00eancia de perturba\u00e7\u00e3o do sossego, na tarde de quinta-feira (30), no bairro Guarani, em Corumb\u00e1. A equipe da R\u00e1dio Patrulha foi acionada pelo Centro [&hellip;]<\/p>\n","protected":false},"author":1,"featured_media":11756730,"comment_status":"closed","ping_status":"open","sticky":false,"template":"","format":"standard","meta":{"footnotes":""},"categories":[2,3],"tags":[],"class_list":["post-11756729","post","type-post","status-publish","format-standard","has-post-thumbnail","hentry","category-corumba","category-destaque"],"_links":{"self":[{"href":"https:\/\/bandfmcorumba.agoranoar.com.br\/index.php\/wp-json\/wp\/v2\/posts\/11756729","targetHints":{"allow":["GET"]}}],"collection":[{"href":"https:\/\/bandfmcorumba.agoranoar.com.br\/index.php\/wp-json\/wp\/v2\/posts"}],"about":[{"href":"https:\/\/bandfmcorumba.agoranoar.com.br\/index.php\/wp-json\/wp\/v2\/types\/post"}],"author":[{"embeddable":true,"href":"https:\/\/bandfmcorumba.agoranoar.com.br\/index.php\/wp-json\/wp\/v2\/users\/1"}],"replies":[{"embeddable":true,"href":"https:\/\/bandfmcorumba.agoranoar.com.br\/index.php\/wp-json\/wp\/v2\/comments?post=11756729"}],"version-history":[{"count":0,"href":"https:\/\/bandfmcorumba.agoranoar.com.br\/index.php\/wp-json\/wp\/v2\/posts\/11756729\/revisions"}],"wp:attachment":[{"href":"https:\/\/bandfmcorumba.agoranoar.com.br\/index.php\/wp-json\/wp\/v2\/media?parent=11756729"}],"wp:term":[{"taxonomy":"category","embeddable":true,"href":"https:\/\/bandfmcorumba.agoranoar.com.br\/index.php\/wp-json\/wp\/v2\/categories?post=11756729"},{"taxonomy":"post_tag","embeddable":true,"href":"https:\/\/bandfmcorumba.agoranoar.com.br\/index.php\/wp-json\/wp\/v2\/tags?post=11756729"}],"curies":[{"name":"wp","href":"https:\/\/api.w.org\/{rel}","templated":true}]}}