{"id":11756726,"date":"2026-07-31T13:30:04","date_gmt":"2026-07-31T17:30:04","guid":{"rendered":"https:\/\/grupopantanalms.com.br\/?p=11756726"},"modified":"2026-07-31T13:30:04","modified_gmt":"2026-07-31T17:30:04","slug":"mulher-e-morta-a-facadas-em-corumba-homem-foi-preso-por-feminicidio","status":"publish","type":"post","link":"https:\/\/bandfmcorumba.agoranoar.com.br\/index.php\/2026\/07\/31\/mulher-e-morta-a-facadas-em-corumba-homem-foi-preso-por-feminicidio\/","title":{"rendered":"Mulher \u00e9 morta a facadas em Corumb\u00e1; homem foi preso por feminic\u00eddio"},"content":{"rendered":"\n<p class=\"wp-block-paragraph\"><strong>Leonardo Cabral<\/strong>&nbsp;em 31 de Julho de 2026<\/p>\n\n\n\n<p class=\"wp-block-paragraph\">Foto enviada ao Di\u00e1rio Corumbaense<\/p>\n\n\n\n\n\n<p class=\"wp-block-paragraph\">Douglas Richard Ribeiro Valverde, de 49 anos, foi preso em flagrante nesta sexta-feira (31) acusado de feminic\u00eddio contra Adrielle Encarna\u00e7\u00e3o Rodrigues, de 26 anos, em Corumb\u00e1. A v\u00edtima foi morta a facadas, na rua Fernando de Barros, entre a rua C\u00e1ceres e Alameda Projetada, bairro Centro Am\u00e9rica.<\/p>\n\n\n\n<p class=\"wp-block-paragraph\">O&nbsp;<strong>Di\u00e1rio Corumbaense<\/strong>&nbsp;teve acesso ao boletim de ocorr\u00eancia n\u00ba 384\/2026, registrado na Delegacia de Atendimento \u00e0 Mulher (DAM). O documento relata que uma equipe da Guarni\u00e7\u00e3o de Tr\u00e2nsito da Pol\u00edcia Militar foi acionada para atender o caso por volta das 7h30. No local, tamb\u00e9m estava uma equipe do Samu (Servi\u00e7o de Atendimento M\u00f3vel de Urg\u00eancia), cujo m\u00e9dico constatou a morte de Adrielle.<\/p>\n\n\n\n<p class=\"wp-block-paragraph\">Douglas estava acompanhado do irm\u00e3o. Questionado, ele preferiu permanecer em sil\u00eancio sobre os detalhes, seguindo orienta\u00e7\u00e3o do irm\u00e3o e de seu advogado. Inicialmente, por\u00e9m, relatou que estava com a v\u00edtima no Porto Geral de Corumb\u00e1 e que, posteriormente, os dois foram at\u00e9 o endere\u00e7o onde ocorreu o crime.<\/p>\n\n\n\n<p class=\"wp-block-paragraph\">De acordo com a vers\u00e3o apresentada pelo homem, os dois iniciaram uma discuss\u00e3o que evoluiu para agress\u00f5es f\u00edsicas. Ele afirmou ter sido atingido na cabe\u00e7a por uma tijolada e, em seguida, os dois teriam entrado em luta corporal.<\/p>\n\n\n\n<p class=\"wp-block-paragraph\">Foto enviada ao Di\u00e1rio Corumbaense<img decoding=\"async\" src=\"https:\/\/www.diarionline.com.br\/i.php?i=static\/arquivo\/2026-07\/dcmarca_caixao-7870.jpg&amp;w=753\"><\/p>\n\n\n\n<p class=\"wp-block-paragraph\">Corpo da v\u00edtima foi removido para o Instituto de Medicina e Odontologia LegalAinda segundo o relato de Douglas, ele sofreu algumas les\u00f5es provocadas por golpes de arma branca desferidos pela v\u00edtima. O homem afirmou que, durante a briga, atingiu Adrielle na regi\u00e3o do t\u00f3rax. Os ferimentos provocaram sangramento e ela n\u00e3o resistiu.<\/p>\n\n\n\n<p class=\"wp-block-paragraph\">O local foi isolado e preservado para o trabalho da per\u00edcia da Pol\u00edcia Civil. Conforme o registro policial, Douglas apresentava escoria\u00e7\u00f5es nas costas e les\u00f5es superficiais provocadas por faca no bra\u00e7o direito, no dedo esquerdo e na regi\u00e3o do t\u00f3rax. Ele foi encaminhado ao Pronto-Socorro Municipal para receber atendimento m\u00e9dico e, posteriormente, levado \u00e0 sede da DAM.<\/p>\n\n\n\n<p class=\"wp-block-paragraph\">O delegado titular da 1\u00aa Delegacia de Pol\u00edcia Civil, Fillipe Ara\u00fajo Izidio Pereira, que atendeu a ocorr\u00eancia, informou que o homem alegou que agiu em leg\u00edtima defesa. \u201cPelas informa\u00e7\u00f5es, eles tinham um relacionamento conturbado, e j\u00e1 haviam tido uma rela\u00e7\u00e3o mais &#8216;fixa&#8217;. Os dois sa\u00edram na noite anterior, beberam, discutiram, teria acontecido a agress\u00e3o m\u00fatua e ele a golpeou. A per\u00edcia constatou que foram quatro facadas, n\u00e3o bate com a din\u00e2mica que ele contou, aparentemente \u00e9 crime de feminic\u00eddio\u201d, explicou o delegado. A Pol\u00edcia Civil apreendeu a faca e investiga as circunst\u00e2ncias do crime.<\/p>\n\n\n\n<p class=\"wp-block-paragraph\"><strong>2\u00ba feminic\u00eddio em Corumb\u00e1 no ano<\/strong><\/p>\n\n\n\n<p class=\"wp-block-paragraph\">Este \u00e9 o 18\u00ba feminic\u00eddio registrado em Mato Grosso do Sul em 2026 e o segundo em Corumb\u00e1.&nbsp;<a href=\"https:\/\/diarionline.com.br\/?s=noticia&amp;id=155182\" target=\"_blank\" rel=\"noreferrer noopener\">O primeiro caso ocorrido no munic\u00edpio foi em 24 de janeiro<\/a>, quando Rosana C\u00e2ndia de Ohara, de 62 anos, foi morta a pauladas pelo ex-marido, Ant\u00f4nio Lima Ohara, de 73 anos. Ele foi preso ap\u00f3s o crime, na casa da v\u00edtima.<\/p>\n\n\n\n<p class=\"wp-block-paragraph\">Qualquer pessoa que presenciar casos de viol\u00eancia dom\u00e9stica deve ligar para a Central 180, que funciona 24 horas, de gra\u00e7a, e a liga\u00e7\u00e3o pode ser an\u00f4nima. Em caso de emerg\u00eancia, procure a PM pelo 190. Viol\u00eancia contra mulheres, crian\u00e7as, idosos ou qualquer pessoa n\u00e3o pode ser silenciosa.<\/p>\n","protected":false},"excerpt":{"rendered":"<p>Leonardo Cabral&nbsp;em 31 de Julho de 2026 Foto enviada ao Di\u00e1rio Corumbaense Douglas Richard Ribeiro Valverde, de 49 anos, foi preso em flagrante nesta sexta-feira (31) acusado de feminic\u00eddio contra Adrielle Encarna\u00e7\u00e3o Rodrigues, de 26 anos, em Corumb\u00e1. A v\u00edtima foi morta a facadas, na rua Fernando de Barros, entre a rua C\u00e1ceres e Alameda [&hellip;]<\/p>\n","protected":false},"author":1,"featured_media":11756727,"comment_status":"closed","ping_status":"open","sticky":false,"template":"","format":"standard","meta":{"footnotes":""},"categories":[2,3],"tags":[],"class_list":["post-11756726","post","type-post","status-publish","format-standard","has-post-thumbnail","hentry","category-corumba","category-destaque"],"_links":{"self":[{"href":"https:\/\/bandfmcorumba.agoranoar.com.br\/index.php\/wp-json\/wp\/v2\/posts\/11756726","targetHints":{"allow":["GET"]}}],"collection":[{"href":"https:\/\/bandfmcorumba.agoranoar.com.br\/index.php\/wp-json\/wp\/v2\/posts"}],"about":[{"href":"https:\/\/bandfmcorumba.agoranoar.com.br\/index.php\/wp-json\/wp\/v2\/types\/post"}],"author":[{"embeddable":true,"href":"https:\/\/bandfmcorumba.agoranoar.com.br\/index.php\/wp-json\/wp\/v2\/users\/1"}],"replies":[{"embeddable":true,"href":"https:\/\/bandfmcorumba.agoranoar.com.br\/index.php\/wp-json\/wp\/v2\/comments?post=11756726"}],"version-history":[{"count":0,"href":"https:\/\/bandfmcorumba.agoranoar.com.br\/index.php\/wp-json\/wp\/v2\/posts\/11756726\/revisions"}],"wp:attachment":[{"href":"https:\/\/bandfmcorumba.agoranoar.com.br\/index.php\/wp-json\/wp\/v2\/media?parent=11756726"}],"wp:term":[{"taxonomy":"category","embeddable":true,"href":"https:\/\/bandfmcorumba.agoranoar.com.br\/index.php\/wp-json\/wp\/v2\/categories?post=11756726"},{"taxonomy":"post_tag","embeddable":true,"href":"https:\/\/bandfmcorumba.agoranoar.com.br\/index.php\/wp-json\/wp\/v2\/tags?post=11756726"}],"curies":[{"name":"wp","href":"https:\/\/api.w.org\/{rel}","templated":true}]}}