{"id":11756713,"date":"2026-07-30T16:04:45","date_gmt":"2026-07-30T20:04:45","guid":{"rendered":"https:\/\/grupopantanalms.com.br\/?p=11756713"},"modified":"2026-07-30T16:04:45","modified_gmt":"2026-07-30T20:04:45","slug":"igreja-nossa-senhora-de-fatima-abre-calendario-das-devocoes-bolivianas-e-latino-americanas-com-missa-festiva-em-corumba","status":"publish","type":"post","link":"https:\/\/bandfmcorumba.agoranoar.com.br\/index.php\/2026\/07\/30\/igreja-nossa-senhora-de-fatima-abre-calendario-das-devocoes-bolivianas-e-latino-americanas-com-missa-festiva-em-corumba\/","title":{"rendered":"Igreja Nossa Senhora de F\u00e1tima abre calend\u00e1rio das devo\u00e7\u00f5es bolivianas e latino-americanas com missa festiva em Corumb\u00e1"},"content":{"rendered":"\n<p class=\"wp-block-paragraph\"><img loading=\"lazy\" decoding=\"async\" width=\"26\" height=\"26\" alt=\"\" src=\"https:\/\/folhams.com.br\/wp-content\/uploads\/2026\/02\/avatar-150x150.jpg\">Por<a href=\"https:\/\/folhams.com.br\/author\/erik-silva\/\">Erik Silva<\/a>30 de julho de 2026<\/p>\n\n\n\n\n\n<p class=\"wp-block-paragraph\">As celebra\u00e7\u00f5es dedicadas \u00e0s devo\u00e7\u00f5es bolivianas e latino-americanas ter\u00e3o in\u00edcio em Corumb\u00e1 no pr\u00f3ximo domingo, 2 de agosto, com uma Missa Festiva na Igreja Nossa Senhora de F\u00e1tima. A celebra\u00e7\u00e3o ser\u00e1 realizada \u00e0s 7h30 e reunir\u00e1 fi\u00e9is ligados \u00e0s diversas manifesta\u00e7\u00f5es marianas presentes na regi\u00e3o de fronteira entre Brasil e Bol\u00edvia.<\/p>\n\n\n\n<p class=\"wp-block-paragraph\">Promovida pela Pastoral Diocesana do Migrante, a missa abre o calend\u00e1rio religioso que re\u00fane diferentes comunidades e homenageia as diversas invoca\u00e7\u00f5es de Nossa Senhora chamadas de \u201cVirgens\u201d pelos devotos latino-americanos, al\u00e9m de outras express\u00f5es tradicionais da f\u00e9 popular.<\/p>\n\n\n\n<h2 class=\"wp-block-heading\">Festividades come\u00e7am com a Independ\u00eancia da Bol\u00edvia<\/h2>\n\n\n\n<p class=\"wp-block-paragraph\">A programa\u00e7\u00e3o prossegue a partir de 6 de agosto, data da Independ\u00eancia da Bol\u00edvia, quando ocorre a tradicional Festa da Virgem de Copacabana. A celebra\u00e7\u00e3o tem in\u00edcio com missa na Catedral de Nossa Senhora da Candel\u00e1ria, em Corumb\u00e1.<\/p>\n\n\n\n<p class=\"wp-block-paragraph\">Ap\u00f3s a cerim\u00f4nia religiosa, os participantes seguem em desfile folcl\u00f3rico pelas principais ruas do centro da cidade at\u00e9 a regi\u00e3o de fronteira, onde as festividades continuam em territ\u00f3rio boliviano.<\/p>\n\n\n\n<h2 class=\"wp-block-heading\">Celebra\u00e7\u00f5es seguem em Puerto Quijarro e Puerto Su\u00e1rez<\/h2>\n\n\n\n<p class=\"wp-block-paragraph\">Entre os dias 14 e 16 de agosto, os devotos participam das festividades em homenagem \u00e0 Virgem de Urkupinha, realizadas nas cidades bolivianas de Puerto Quijarro e Puerto Su\u00e1rez, incluindo a regi\u00e3o de Paradero.<\/p>\n\n\n\n<p class=\"wp-block-paragraph\">Conclu\u00eddas as comemora\u00e7\u00f5es na Bol\u00edvia, fraternidades, grupos culturais e comunidades religiosas promovem dezenas de celebra\u00e7\u00f5es em Corumb\u00e1 e Lad\u00e1rio, fortalecendo a tradi\u00e7\u00e3o compartilhada entre os dois pa\u00edses.<\/p>\n\n\n\n<h2 class=\"wp-block-heading\">Calend\u00e1rio inclui devo\u00e7\u00f5es do Peru, Bol\u00edvia e Paraguai<\/h2>\n\n\n\n<p class=\"wp-block-paragraph\">O calend\u00e1rio religioso da Pastoral Diocesana do Migrante continua em 30 de agosto, com a Festa de Santa Rosa de Lima, padroeira do Peru.<\/p>\n\n\n\n<p class=\"wp-block-paragraph\">As atividades se encerram em dezembro, quando acontecem as manifesta\u00e7\u00f5es dedicadas \u00e0 Virgem de Cotoca, tradicional na Bol\u00edvia, e \u00e0 Virgem de Caacup\u00ea, padroeira do Paraguai.<\/p>\n\n\n\n<p class=\"wp-block-paragraph\">Segundo a Pastoral Diocesana do Migrante, as celebra\u00e7\u00f5es refor\u00e7am a integra\u00e7\u00e3o entre os povos da fronteira e preservam manifesta\u00e7\u00f5es religiosas e culturais que fazem parte da identidade das comunidades bolivianas e latino-americanas presentes na regi\u00e3o.<\/p>\n","protected":false},"excerpt":{"rendered":"<p>PorErik Silva30 de julho de 2026 As celebra\u00e7\u00f5es dedicadas \u00e0s devo\u00e7\u00f5es bolivianas e latino-americanas ter\u00e3o in\u00edcio em Corumb\u00e1 no pr\u00f3ximo domingo, 2 de agosto, com uma Missa Festiva na Igreja Nossa Senhora de F\u00e1tima. A celebra\u00e7\u00e3o ser\u00e1 realizada \u00e0s 7h30 e reunir\u00e1 fi\u00e9is ligados \u00e0s diversas manifesta\u00e7\u00f5es marianas presentes na regi\u00e3o de fronteira entre Brasil [&hellip;]<\/p>\n","protected":false},"author":1,"featured_media":11756714,"comment_status":"closed","ping_status":"open","sticky":false,"template":"","format":"standard","meta":{"footnotes":""},"categories":[2],"tags":[],"class_list":["post-11756713","post","type-post","status-publish","format-standard","has-post-thumbnail","hentry","category-corumba"],"_links":{"self":[{"href":"https:\/\/bandfmcorumba.agoranoar.com.br\/index.php\/wp-json\/wp\/v2\/posts\/11756713","targetHints":{"allow":["GET"]}}],"collection":[{"href":"https:\/\/bandfmcorumba.agoranoar.com.br\/index.php\/wp-json\/wp\/v2\/posts"}],"about":[{"href":"https:\/\/bandfmcorumba.agoranoar.com.br\/index.php\/wp-json\/wp\/v2\/types\/post"}],"author":[{"embeddable":true,"href":"https:\/\/bandfmcorumba.agoranoar.com.br\/index.php\/wp-json\/wp\/v2\/users\/1"}],"replies":[{"embeddable":true,"href":"https:\/\/bandfmcorumba.agoranoar.com.br\/index.php\/wp-json\/wp\/v2\/comments?post=11756713"}],"version-history":[{"count":0,"href":"https:\/\/bandfmcorumba.agoranoar.com.br\/index.php\/wp-json\/wp\/v2\/posts\/11756713\/revisions"}],"wp:attachment":[{"href":"https:\/\/bandfmcorumba.agoranoar.com.br\/index.php\/wp-json\/wp\/v2\/media?parent=11756713"}],"wp:term":[{"taxonomy":"category","embeddable":true,"href":"https:\/\/bandfmcorumba.agoranoar.com.br\/index.php\/wp-json\/wp\/v2\/categories?post=11756713"},{"taxonomy":"post_tag","embeddable":true,"href":"https:\/\/bandfmcorumba.agoranoar.com.br\/index.php\/wp-json\/wp\/v2\/tags?post=11756713"}],"curies":[{"name":"wp","href":"https:\/\/api.w.org\/{rel}","templated":true}]}}