{"id":11756696,"date":"2026-07-30T08:48:38","date_gmt":"2026-07-30T12:48:38","guid":{"rendered":"https:\/\/grupopantanalms.com.br\/?p=11756696"},"modified":"2026-07-30T08:48:38","modified_gmt":"2026-07-30T12:48:38","slug":"ventos-de-70-km-h-acompanhados-de-tempestades-com-granizo-atingem-anaurilandia","status":"publish","type":"post","link":"https:\/\/bandfmcorumba.agoranoar.com.br\/index.php\/2026\/07\/30\/ventos-de-70-km-h-acompanhados-de-tempestades-com-granizo-atingem-anaurilandia\/","title":{"rendered":"Ventos de 70 km\/h acompanhados de tempestades com granizo atingem Anauril\u00e2ndia"},"content":{"rendered":"\n<p class=\"wp-block-paragraph\">Claudemir Candido &#8211; Midiamax<\/p>\n\n\n\n\n\n<p class=\"wp-block-paragraph\">A tempestade que atinge Mato Grosso do Sul nesta quinta-feira (30) chegou com toda a for\u00e7a na maioria dos munic\u00edpios do Estado, com registro de ventos acima de 72 km\/h, chuva intensa e queda de granizo em diferentes munic\u00edpios, principalmente nas regi\u00f5es sudeste e central, como no caso de&nbsp;<a href=\"https:\/\/midiamax.com.br\/municipios\/ponta-pora\/\">Ponta Por\u00e3<\/a>.<\/p>\n\n\n\n<p class=\"wp-block-paragraph\">Conforme o meteorologista Nat\u00e1lio Abr\u00e3o,&nbsp;<a href=\"https:\/\/midiamax.com.br\/municipios\/anaurilandia\/\">Anauril\u00e2ndia<\/a>&nbsp;registrou, at\u00e9 o in\u00edcio da manh\u00e3, a maior rajada de vento, de 72 km\/h, acompanhada por 34,1 mil\u00edmetros de chuva. Em seguida, aparece Bataguassu, com ventos de 71,6 km\/h e acumulado de 29,2 mil\u00edmetros.<\/p>\n\n\n\n<p class=\"wp-block-paragraph\">Em&nbsp;<a href=\"https:\/\/midiamax.com.br\/municipios\/campo-grande\/\">Campo Grande<\/a>, os ventos chegaram a 53,5 km\/h nas primeiras horas do dia. A chuva acumulada atingiu 15,4 mil\u00edmetros; houve registro de queda de granizo em alguns pontos da cidade e aproximadamente 455 descargas el\u00e9tricas durante a passagem do temporal.<\/p>\n\n\n\n<p class=\"wp-block-paragraph\">\u201cEssas condi\u00e7\u00f5es de tempo mais inst\u00e1veis com pancadas de chuva em julho n\u00e3o s\u00e3o normais. Julho \u00e9 o m\u00eas menos chuvoso do ano junto com agosto\u201d, explica o meteorologista Nat\u00e1lio Abr\u00e3o. Trovoadas e raios, muito presentes na tempestade desta quinta-feira (30), tamb\u00e9m s\u00e3o incomuns neste per\u00edodo.<\/p>\n\n\n\n<p class=\"wp-block-paragraph\">Outros munic\u00edpios tamb\u00e9m registraram chuva e ventania. Em Ang\u00e9lica, as rajadas de vento alcan\u00e7aram 52 km\/h, com 22,8 mil\u00edmetros. J\u00e1 em Nova Alvorada do Sul, os ventos chegaram a 46,1 km\/h, acompanhados de 22,6 mil\u00edmetros de chuva.<\/p>\n\n\n\n<p class=\"wp-block-paragraph\">Segundo o meteorologista, neste primeiro momento, os temporais concentram-se principalmente nas regi\u00f5es Sudeste e Centro de Mato Grosso do Sul. Nas demais \u00e1reas, n\u00e3o havia registro de chuva significativa at\u00e9 o in\u00edcio da manh\u00e3.<\/p>\n","protected":false},"excerpt":{"rendered":"<p>Claudemir Candido &#8211; Midiamax A tempestade que atinge Mato Grosso do Sul nesta quinta-feira (30) chegou com toda a for\u00e7a na maioria dos munic\u00edpios do Estado, com registro de ventos acima de 72 km\/h, chuva intensa e queda de granizo em diferentes munic\u00edpios, principalmente nas regi\u00f5es sudeste e central, como no caso de&nbsp;Ponta Por\u00e3. Conforme [&hellip;]<\/p>\n","protected":false},"author":1,"featured_media":11756697,"comment_status":"closed","ping_status":"open","sticky":false,"template":"","format":"standard","meta":{"footnotes":""},"categories":[7],"tags":[],"class_list":["post-11756696","post","type-post","status-publish","format-standard","has-post-thumbnail","hentry","category-geral"],"_links":{"self":[{"href":"https:\/\/bandfmcorumba.agoranoar.com.br\/index.php\/wp-json\/wp\/v2\/posts\/11756696","targetHints":{"allow":["GET"]}}],"collection":[{"href":"https:\/\/bandfmcorumba.agoranoar.com.br\/index.php\/wp-json\/wp\/v2\/posts"}],"about":[{"href":"https:\/\/bandfmcorumba.agoranoar.com.br\/index.php\/wp-json\/wp\/v2\/types\/post"}],"author":[{"embeddable":true,"href":"https:\/\/bandfmcorumba.agoranoar.com.br\/index.php\/wp-json\/wp\/v2\/users\/1"}],"replies":[{"embeddable":true,"href":"https:\/\/bandfmcorumba.agoranoar.com.br\/index.php\/wp-json\/wp\/v2\/comments?post=11756696"}],"version-history":[{"count":0,"href":"https:\/\/bandfmcorumba.agoranoar.com.br\/index.php\/wp-json\/wp\/v2\/posts\/11756696\/revisions"}],"wp:attachment":[{"href":"https:\/\/bandfmcorumba.agoranoar.com.br\/index.php\/wp-json\/wp\/v2\/media?parent=11756696"}],"wp:term":[{"taxonomy":"category","embeddable":true,"href":"https:\/\/bandfmcorumba.agoranoar.com.br\/index.php\/wp-json\/wp\/v2\/categories?post=11756696"},{"taxonomy":"post_tag","embeddable":true,"href":"https:\/\/bandfmcorumba.agoranoar.com.br\/index.php\/wp-json\/wp\/v2\/tags?post=11756696"}],"curies":[{"name":"wp","href":"https:\/\/api.w.org\/{rel}","templated":true}]}}