{"id":11756683,"date":"2026-07-30T08:06:13","date_gmt":"2026-07-30T12:06:13","guid":{"rendered":"https:\/\/grupopantanalms.com.br\/?p=11756683"},"modified":"2026-07-30T08:06:13","modified_gmt":"2026-07-30T12:06:13","slug":"tre-sp-multa-lula-por-propaganda-eleitoral-antecipada-e-decisao-cabe-recurso","status":"publish","type":"post","link":"https:\/\/bandfmcorumba.agoranoar.com.br\/index.php\/2026\/07\/30\/tre-sp-multa-lula-por-propaganda-eleitoral-antecipada-e-decisao-cabe-recurso\/","title":{"rendered":"TRE-SP multa Lula por propaganda eleitoral antecipada e decis\u00e3o cabe recurso"},"content":{"rendered":"\n<p class=\"wp-block-paragraph\"><img loading=\"lazy\" decoding=\"async\" width=\"26\" height=\"26\" alt=\"\" src=\"https:\/\/folhams.com.br\/wp-content\/uploads\/2026\/02\/avatar-150x150.jpg\">Por<a href=\"https:\/\/folhams.com.br\/author\/erik-silva\/\">Erik Silva<\/a><\/p>\n\n\n\n\n\n<p class=\"wp-block-paragraph\">O Tribunal Regional Eleitoral de S\u00e3o Paulo aplicou multa de R$ 15 mil ao presidente Luiz In\u00e1cio Lula da Silva por propaganda eleitoral antecipada, decis\u00e3o que admite recurso.<\/p>\n\n\n\n<p class=\"wp-block-paragraph\">A penalidade decorre de representa\u00e7\u00e3o protocolada pelo diret\u00f3rio paulista do partido Miss\u00e3o sobre uma fala proferida em 19 de maio, em S\u00e3o Paulo, e transmitida pelo canal oficial do presidente no YouTube.<\/p>\n\n\n\n<p class=\"wp-block-paragraph\">O partido sustenta que, na ocasi\u00e3o, houve pedido de votos em favor de Simone Tebet e Marina Silva, ambas apresentadas como pr\u00e9-candidatas ao Senado por S\u00e3o Paulo.<\/p>\n\n\n\n<p class=\"wp-block-paragraph\">O juiz auxiliar de Propaganda, Ronnie Herbert Barros Soares, analisou o conte\u00fado da transmiss\u00e3o e concluiu que a declara\u00e7\u00e3o \u201ccont\u00e9m inequ\u00edvoca solicita\u00e7\u00e3o de apoio eleitoral\u201d.<\/p>\n\n\n\n<p class=\"wp-block-paragraph\">A defesa de Lula argumentou no processo que a manifesta\u00e7\u00e3o tinha car\u00e1ter institucional e sem conte\u00fado eleitoral, ressaltando a \u201cinexist\u00eancia de pedido expl\u00edcito de voto\u201d.<\/p>\n\n\n\n<p class=\"wp-block-paragraph\">Simone Tebet e Marina Silva constaram na representa\u00e7\u00e3o como alvo da alega\u00e7\u00e3o, mas o magistrado entendeu que elas n\u00e3o deveriam sofrer san\u00e7\u00f5es, por n\u00e3o terem responsabilidade sobre a declara\u00e7\u00e3o.<\/p>\n\n\n\n<p class=\"wp-block-paragraph\">Cabe recurso da decis\u00e3o junto ao pr\u00f3prio tribunal.<\/p>\n","protected":false},"excerpt":{"rendered":"<p>PorErik Silva O Tribunal Regional Eleitoral de S\u00e3o Paulo aplicou multa de R$ 15 mil ao presidente Luiz In\u00e1cio Lula da Silva por propaganda eleitoral antecipada, decis\u00e3o que admite recurso. A penalidade decorre de representa\u00e7\u00e3o protocolada pelo diret\u00f3rio paulista do partido Miss\u00e3o sobre uma fala proferida em 19 de maio, em S\u00e3o Paulo, e transmitida [&hellip;]<\/p>\n","protected":false},"author":1,"featured_media":11756684,"comment_status":"closed","ping_status":"open","sticky":false,"template":"","format":"standard","meta":{"footnotes":""},"categories":[3,11],"tags":[],"class_list":["post-11756683","post","type-post","status-publish","format-standard","has-post-thumbnail","hentry","category-destaque","category-politica"],"_links":{"self":[{"href":"https:\/\/bandfmcorumba.agoranoar.com.br\/index.php\/wp-json\/wp\/v2\/posts\/11756683","targetHints":{"allow":["GET"]}}],"collection":[{"href":"https:\/\/bandfmcorumba.agoranoar.com.br\/index.php\/wp-json\/wp\/v2\/posts"}],"about":[{"href":"https:\/\/bandfmcorumba.agoranoar.com.br\/index.php\/wp-json\/wp\/v2\/types\/post"}],"author":[{"embeddable":true,"href":"https:\/\/bandfmcorumba.agoranoar.com.br\/index.php\/wp-json\/wp\/v2\/users\/1"}],"replies":[{"embeddable":true,"href":"https:\/\/bandfmcorumba.agoranoar.com.br\/index.php\/wp-json\/wp\/v2\/comments?post=11756683"}],"version-history":[{"count":0,"href":"https:\/\/bandfmcorumba.agoranoar.com.br\/index.php\/wp-json\/wp\/v2\/posts\/11756683\/revisions"}],"wp:attachment":[{"href":"https:\/\/bandfmcorumba.agoranoar.com.br\/index.php\/wp-json\/wp\/v2\/media?parent=11756683"}],"wp:term":[{"taxonomy":"category","embeddable":true,"href":"https:\/\/bandfmcorumba.agoranoar.com.br\/index.php\/wp-json\/wp\/v2\/categories?post=11756683"},{"taxonomy":"post_tag","embeddable":true,"href":"https:\/\/bandfmcorumba.agoranoar.com.br\/index.php\/wp-json\/wp\/v2\/tags?post=11756683"}],"curies":[{"name":"wp","href":"https:\/\/api.w.org\/{rel}","templated":true}]}}