{"id":11756677,"date":"2026-07-29T14:01:35","date_gmt":"2026-07-29T18:01:35","guid":{"rendered":"https:\/\/grupopantanalms.com.br\/?p=11756677"},"modified":"2026-07-29T14:01:35","modified_gmt":"2026-07-29T18:01:35","slug":"prf-apreende-em-corumba-dois-veiculos-com-placas-clonadas-e-registro-de-roubo-em-sp","status":"publish","type":"post","link":"https:\/\/bandfmcorumba.agoranoar.com.br\/index.php\/2026\/07\/29\/prf-apreende-em-corumba-dois-veiculos-com-placas-clonadas-e-registro-de-roubo-em-sp\/","title":{"rendered":"PRF apreende em Corumb\u00e1 dois ve\u00edculos com placas clonadas e registro de roubo em SP"},"content":{"rendered":"\n<p class=\"wp-block-paragraph\"><strong>Rosana Nunes<\/strong>&nbsp;em 29 de Julho de 2026<\/p>\n\n\n\n<p class=\"wp-block-paragraph\">Divulga\u00e7\u00e3o\/PRF<\/p>\n\n\n\n\n\n<p class=\"wp-block-paragraph\">A Pol\u00edcia Rodovi\u00e1ria Federal apreendeu, na madrugada desta quarta-feira (29), dois ve\u00edculos Honda HR-V com placas clonadas e registro de roubo ou furto. A ocorr\u00eancia foi registrada por volta das 5h15, no km 708 da BR-262, na Unidade Operacional da Ponte, localizada no Porto Morrinho, distante cerca de 70 km de Corumb\u00e1.<\/p>\n\n\n\n<p class=\"wp-block-paragraph\">Durante a fiscaliza\u00e7\u00e3o, os policiais abordaram os dois ve\u00edculos. Conforme a equipe, os condutores apresentaram respostas vagas e desconexas aos questionamentos e demonstraram nervosismo durante a abordagem.<\/p>\n\n\n\n<p class=\"wp-block-paragraph\">Os agentes realizaram uma fiscaliza\u00e7\u00e3o mais detalhada sobre a identifica\u00e7\u00e3o veicular. Ap\u00f3s as verifica\u00e7\u00f5es, foi constatado que ambos os ve\u00edculos circulavam com&nbsp;placas clonadas e que os carros originais tinham registros de roubo\/furto no estado de S\u00e3o Paulo.<\/p>\n\n\n\n<p class=\"wp-block-paragraph\">Ainda de acordo com a PRF, os condutores foram encaminhados, juntamente com os ve\u00edculos, \u00e0 Delegacia de Pol\u00edcia Civil de Corumb\u00e1 para investiga\u00e7\u00e3o.&nbsp;O caso&nbsp;foi registrado como recepta\u00e7\u00e3o e adultera\u00e7\u00e3o de sinal identificador de ve\u00edculo automotor.<\/p>\n","protected":false},"excerpt":{"rendered":"<p>Rosana Nunes&nbsp;em 29 de Julho de 2026 Divulga\u00e7\u00e3o\/PRF A Pol\u00edcia Rodovi\u00e1ria Federal apreendeu, na madrugada desta quarta-feira (29), dois ve\u00edculos Honda HR-V com placas clonadas e registro de roubo ou furto. A ocorr\u00eancia foi registrada por volta das 5h15, no km 708 da BR-262, na Unidade Operacional da Ponte, localizada no Porto Morrinho, distante cerca [&hellip;]<\/p>\n","protected":false},"author":1,"featured_media":11756678,"comment_status":"closed","ping_status":"open","sticky":false,"template":"","format":"standard","meta":{"footnotes":""},"categories":[2],"tags":[],"class_list":["post-11756677","post","type-post","status-publish","format-standard","has-post-thumbnail","hentry","category-corumba"],"_links":{"self":[{"href":"https:\/\/bandfmcorumba.agoranoar.com.br\/index.php\/wp-json\/wp\/v2\/posts\/11756677","targetHints":{"allow":["GET"]}}],"collection":[{"href":"https:\/\/bandfmcorumba.agoranoar.com.br\/index.php\/wp-json\/wp\/v2\/posts"}],"about":[{"href":"https:\/\/bandfmcorumba.agoranoar.com.br\/index.php\/wp-json\/wp\/v2\/types\/post"}],"author":[{"embeddable":true,"href":"https:\/\/bandfmcorumba.agoranoar.com.br\/index.php\/wp-json\/wp\/v2\/users\/1"}],"replies":[{"embeddable":true,"href":"https:\/\/bandfmcorumba.agoranoar.com.br\/index.php\/wp-json\/wp\/v2\/comments?post=11756677"}],"version-history":[{"count":0,"href":"https:\/\/bandfmcorumba.agoranoar.com.br\/index.php\/wp-json\/wp\/v2\/posts\/11756677\/revisions"}],"wp:attachment":[{"href":"https:\/\/bandfmcorumba.agoranoar.com.br\/index.php\/wp-json\/wp\/v2\/media?parent=11756677"}],"wp:term":[{"taxonomy":"category","embeddable":true,"href":"https:\/\/bandfmcorumba.agoranoar.com.br\/index.php\/wp-json\/wp\/v2\/categories?post=11756677"},{"taxonomy":"post_tag","embeddable":true,"href":"https:\/\/bandfmcorumba.agoranoar.com.br\/index.php\/wp-json\/wp\/v2\/tags?post=11756677"}],"curies":[{"name":"wp","href":"https:\/\/api.w.org\/{rel}","templated":true}]}}