{"id":11756668,"date":"2026-07-29T13:58:45","date_gmt":"2026-07-29T17:58:45","guid":{"rendered":"https:\/\/grupopantanalms.com.br\/?p=11756668"},"modified":"2026-07-29T13:58:45","modified_gmt":"2026-07-29T17:58:45","slug":"estiagem-e-fogo-provocado-criam-cenario-para-incendios-de-grandes-proporcoes-reforca-corpo-de-bombeiros","status":"publish","type":"post","link":"https:\/\/bandfmcorumba.agoranoar.com.br\/index.php\/2026\/07\/29\/estiagem-e-fogo-provocado-criam-cenario-para-incendios-de-grandes-proporcoes-reforca-corpo-de-bombeiros\/","title":{"rendered":"Estiagem e fogo provocado criam cen\u00e1rio para inc\u00eandios de grandes propor\u00e7\u00f5es, refor\u00e7a Corpo de Bombeiros"},"content":{"rendered":"\n<p class=\"wp-block-paragraph\"><strong>Leonardo Cabral<\/strong>&nbsp;em 29 de Julho de 2026<\/p>\n\n\n\n<p class=\"wp-block-paragraph\">Divulga\u00e7\u00e3o\/Corpo de Bombeiros Militar<\/p>\n\n\n\n\n\n<p class=\"wp-block-paragraph\">O 3\u00ba Grupamento de Bombeiros Militar registrou oito ocorr\u00eancias de inc\u00eandio em vegeta\u00e7\u00e3o nas \u00faltimas 24 horas em Corumb\u00e1 e Lad\u00e1rio. Os casos, atendidos entre as 14h20 de ter\u00e7a-feira (28) e a madrugada desta quarta-feira (29), apresentam ind\u00edcios de origem em a\u00e7\u00e3o humana, como queima de lixo, limpeza de terrenos ou atos criminosos.<\/p>\n\n\n\n<p class=\"wp-block-paragraph\">Durante o per\u00edodo de maior incid\u00eancia, por volta das 18h de ter\u00e7a-feira, tr\u00eas inc\u00eandios ocorreram praticamente de forma simult\u00e2nea na regi\u00e3o da rua Paran\u00e1, no bairro Popular Nova. A situa\u00e7\u00e3o exigiu o deslocamento de viaturas para pontos distintos, aumentando o tempo de resposta para os atendimentos.<\/p>\n\n\n\n<p class=\"wp-block-paragraph\">Tamb\u00e9m foram registrados inc\u00eandios na avenida Santa Cruz, no bairro Maria Leite, \u00e0s 18h20; na rua Goiabeira, no bairro Alta Floresta, em Lad\u00e1rio, \u00e0s 18h40; e na rua Rep\u00fablica da Bol\u00edvia, no Jatobazinho, em Corumb\u00e1, por volta das 4h desta quarta-feira.<\/p>\n\n\n\n<p class=\"wp-block-paragraph\"><\/p>\n\n\n\n<p class=\"wp-block-paragraph\">Oito ocorr\u00eancias registradas na \u00e1rea urbana em 24 horasAl\u00e9m do deslocamento entre as ocorr\u00eancias, cada atendimento exigiu o reabastecimento das viaturas nos hidrantes mais pr\u00f3ximos. O procedimento \u00e9 necess\u00e1rio para garantir \u00e1gua suficiente para o combate aos demais focos e contribuiu para tornar a opera\u00e7\u00e3o mais complexa.<\/p>\n\n\n\n<p class=\"wp-block-paragraph\">Embora a queima de folhas, lixo e vegeta\u00e7\u00e3o para limpeza de terrenos ainda seja vista por algumas pessoas como um h\u00e1bito comum, a pr\u00e1tica pode provocar inc\u00eandios de grandes propor\u00e7\u00f5es e resultar em responsabiliza\u00e7\u00e3o administrativa, civil e criminal.<\/p>\n\n\n\n<p class=\"wp-block-paragraph\">Durante o atendimento das oito ocorr\u00eancias, os bombeiros constataram ind\u00edcios de que os inc\u00eandios foram provocados.<\/p>\n\n\n\n<p class=\"wp-block-paragraph\">O cen\u00e1rio preocupa especialmente durante o per\u00edodo de estiagem, quando a baixa umidade relativa do ar e os ventos fortes favorecem a r\u00e1pida propaga\u00e7\u00e3o das chamas, amea\u00e7ando resid\u00eancias, estabelecimentos comerciais e a rede el\u00e9trica, al\u00e9m de prejudicar a sa\u00fade da popula\u00e7\u00e3o devido \u00e0 fuma\u00e7a.<\/p>\n\n\n\n<p class=\"wp-block-paragraph\">De acordo com o 1\u00ba sargento do 3\u00ba GBM, Andr\u00e9 Marti, a popula\u00e7\u00e3o deve redobrar os cuidados nos pr\u00f3ximos meses. \u201cInfelizmente, nos meses de agosto e setembro temos um per\u00edodo mais cr\u00edtico com rela\u00e7\u00e3o a esse tipo de ocorr\u00eancia que se enquadra como crime ambiental. Por isso, atear fogo em terrenos baldios, lixo ou vegeta\u00e7\u00e3o pode resultar em pris\u00e3o em flagrante, al\u00e9m das demais san\u00e7\u00f5es legais, caso o fato seja comprovado\u201d, explicou ao&nbsp;<strong>Di\u00e1rio Corumbaense<\/strong>.<\/p>\n\n\n\n<p class=\"wp-block-paragraph\"><strong>Orienta\u00e7\u00f5es e den\u00fancias<\/strong><\/p>\n\n\n\n<p class=\"wp-block-paragraph\">O Corpo de Bombeiros Militar orienta que a popula\u00e7\u00e3o n\u00e3o utilize fogo para realizar a limpeza de terrenos ou para eliminar res\u00edduos. A recomenda\u00e7\u00e3o \u00e9 evitar o ac\u00famulo de lixo, folhas secas e outros materiais combust\u00edveis pr\u00f3ximos a terrenos baldios e denunciar casos de queimadas criminosas.<\/p>\n\n\n\n<p class=\"wp-block-paragraph\">A pr\u00e1tica pode resultar em responsabiliza\u00e7\u00e3o com base na Lei de Crimes Ambientais (Lei n\u00ba 9.605\/1998), dependendo das circunst\u00e2ncias e dos danos provocados. Entre as condutas previstas est\u00e3o provocar inc\u00eandio em mata ou floresta e causar polui\u00e7\u00e3o que resulte ou possa resultar em danos \u00e0 sa\u00fade humana ou \u00e0 flora.<\/p>\n\n\n\n<p class=\"wp-block-paragraph\">Al\u00e9m de eventual responsabiliza\u00e7\u00e3o criminal, a pessoa pode ser autuada pelos \u00f3rg\u00e3os ambientais e receber multa administrativa, cujo valor varia de acordo com a extens\u00e3o do dano e o tipo de vegeta\u00e7\u00e3o atingida (de&nbsp;R$ 5.000,00 a R$ 50 milh\u00f5es). Tamb\u00e9m pode haver responsabiliza\u00e7\u00e3o civil, com obriga\u00e7\u00e3o de reparar os danos ambientais provocados pelo inc\u00eandio.<\/p>\n\n\n\n<p class=\"wp-block-paragraph\">O Corpo de Bombeiros Militar pode ser acionado pelo<strong>&nbsp;193<\/strong>&nbsp;e a Pol\u00edcia Militar Ambiental pelo n\u00famero funcional\/WhatsApp&nbsp;<strong>(67) 99266-4052<\/strong>.<\/p>\n","protected":false},"excerpt":{"rendered":"<p>Leonardo Cabral&nbsp;em 29 de Julho de 2026 Divulga\u00e7\u00e3o\/Corpo de Bombeiros Militar O 3\u00ba Grupamento de Bombeiros Militar registrou oito ocorr\u00eancias de inc\u00eandio em vegeta\u00e7\u00e3o nas \u00faltimas 24 horas em Corumb\u00e1 e Lad\u00e1rio. Os casos, atendidos entre as 14h20 de ter\u00e7a-feira (28) e a madrugada desta quarta-feira (29), apresentam ind\u00edcios de origem em a\u00e7\u00e3o humana, como [&hellip;]<\/p>\n","protected":false},"author":1,"featured_media":11756669,"comment_status":"closed","ping_status":"open","sticky":false,"template":"","format":"standard","meta":{"footnotes":""},"categories":[2],"tags":[],"class_list":["post-11756668","post","type-post","status-publish","format-standard","has-post-thumbnail","hentry","category-corumba"],"_links":{"self":[{"href":"https:\/\/bandfmcorumba.agoranoar.com.br\/index.php\/wp-json\/wp\/v2\/posts\/11756668","targetHints":{"allow":["GET"]}}],"collection":[{"href":"https:\/\/bandfmcorumba.agoranoar.com.br\/index.php\/wp-json\/wp\/v2\/posts"}],"about":[{"href":"https:\/\/bandfmcorumba.agoranoar.com.br\/index.php\/wp-json\/wp\/v2\/types\/post"}],"author":[{"embeddable":true,"href":"https:\/\/bandfmcorumba.agoranoar.com.br\/index.php\/wp-json\/wp\/v2\/users\/1"}],"replies":[{"embeddable":true,"href":"https:\/\/bandfmcorumba.agoranoar.com.br\/index.php\/wp-json\/wp\/v2\/comments?post=11756668"}],"version-history":[{"count":0,"href":"https:\/\/bandfmcorumba.agoranoar.com.br\/index.php\/wp-json\/wp\/v2\/posts\/11756668\/revisions"}],"wp:attachment":[{"href":"https:\/\/bandfmcorumba.agoranoar.com.br\/index.php\/wp-json\/wp\/v2\/media?parent=11756668"}],"wp:term":[{"taxonomy":"category","embeddable":true,"href":"https:\/\/bandfmcorumba.agoranoar.com.br\/index.php\/wp-json\/wp\/v2\/categories?post=11756668"},{"taxonomy":"post_tag","embeddable":true,"href":"https:\/\/bandfmcorumba.agoranoar.com.br\/index.php\/wp-json\/wp\/v2\/tags?post=11756668"}],"curies":[{"name":"wp","href":"https:\/\/api.w.org\/{rel}","templated":true}]}}