{"id":11756659,"date":"2026-07-29T08:08:51","date_gmt":"2026-07-29T12:08:51","guid":{"rendered":"https:\/\/grupopantanalms.com.br\/?p=11756659"},"modified":"2026-07-29T08:08:51","modified_gmt":"2026-07-29T12:08:51","slug":"hp-registra-casal-de-tatu-bola-em-idade-reprodutiva-na-serra-do-amolar-no-pantanal","status":"publish","type":"post","link":"https:\/\/bandfmcorumba.agoranoar.com.br\/index.php\/2026\/07\/29\/hp-registra-casal-de-tatu-bola-em-idade-reprodutiva-na-serra-do-amolar-no-pantanal\/","title":{"rendered":"HP registra casal de tatu-bola em idade reprodutiva na Serra do Amolar, no Pantanal"},"content":{"rendered":"\n<p class=\"wp-block-paragraph\"><img loading=\"lazy\" decoding=\"async\" width=\"26\" height=\"26\" alt=\"\" src=\"https:\/\/folhams.com.br\/wp-content\/uploads\/2026\/02\/avatar-150x150.jpg\">Por<a href=\"https:\/\/folhams.com.br\/author\/erik-silva\/\">Erik Silva<\/a><\/p>\n\n\n\n\n\n<h2 class=\"wp-block-heading\">Registro em reserva particular sinaliza casal em idade reprodutiva e refor\u00e7a o banco do IHP com mais de dez anos de monitoramento da Serra do Amolar<\/h2>\n\n\n\n<p class=\"wp-block-paragraph\">O Instituto Homem Pantaneiro registrou um casal de tatu-bola na Serra do Amolar em Corumb\u00e1 dentro de uma Reserva Particular do Patrim\u00f4nio Natural, ampliando informa\u00e7\u00f5es sobre uma esp\u00e9cie cuja distribui\u00e7\u00e3o no Brasil ainda \u00e9 pouco conhecida. Classificada como quase amea\u00e7ada pelo Minist\u00e9rio do Meio Ambiente e Mudan\u00e7a do Clima, a esp\u00e9cie \u00e9 apontada entre as mais vulner\u00e1veis a inc\u00eandios florestais e \u00e0s mudan\u00e7as clim\u00e1ticas e pode ter o status de conserva\u00e7\u00e3o agravado em uma revis\u00e3o em andamento.<\/p>\n\n\n\n<p class=\"wp-block-paragraph\">O achado integra o banco de dados cient\u00edfico do IHP, montado ap\u00f3s mais de dez anos de monitoramento da fauna e da flora na regi\u00e3o. O acervo re\u00fane dados de mais de 200 esp\u00e9cies, sendo dez classificadas como vulner\u00e1veis ou em perigo de extin\u00e7\u00e3o, e subsidia pesquisas sobre biodiversidade,&nbsp;<a href=\"https:\/\/folhams.com.br\/2026\/06\/19\/brigada-alto-pantanal-reduz-risco-incendios-33-28-km-aceiros\/\" target=\"_blank\" rel=\"noreferrer noopener\">estrat\u00e9gias de preven\u00e7\u00e3o a inc\u00eandios<\/a>&nbsp;e pol\u00edticas p\u00fablicas de conserva\u00e7\u00e3o ambiental. Segundo o ICMBio, os pesquisadores identificaram que os dois animais j\u00e1 est\u00e3o em idade reprodutiva, o que abre a possibilidade de acompanhar futuramente o surgimento de filhotes na regi\u00e3o.<\/p>\n\n\n\n<h3 class=\"wp-block-heading\">Monitoramento e esp\u00e9cies acompanhadas<\/h3>\n\n\n\n<p class=\"wp-block-paragraph\">O presidente do Instituto Homem Pantaneiro, \u00c2ngelo Rabelo, afirmou que a perman\u00eancia da equipe no territ\u00f3rio \u00e9 essencial para compreender os impactos das mudan\u00e7as clim\u00e1ticas sobre a fauna pantaneira. \u201cO monitoramento que realizamos por mais de 10 anos nos entrega dados que permitem estudar as esp\u00e9cies e buscar entender como elas est\u00e3o reagindo \u00e0s transforma\u00e7\u00f5es do clima e aos eventos extremos no Pantanal. O registro que tivemos do casal de tatu-bola, por exemplo, significa que os esfor\u00e7os est\u00e3o valendo a pena e precisam ser continuados\u201d.<\/p>\n\n\n\n<p class=\"wp-block-paragraph\">O analista ambiental do IHP, Luka Moraes, explicou a relev\u00e2ncia do registro para a\u00e7\u00f5es de conserva\u00e7\u00e3o em escala global. \u201cSaber que h\u00e1 um casal nessa regi\u00e3o representa uma import\u00e2ncia global em termos de conserva\u00e7\u00e3o. A idade deles foi identificada como preparada para o est\u00e1gio reprodutivo. Esse monitoramento vai seguir para tentarmos identificar filhotes futuramente\u201d.<\/p>\n\n\n\n<p class=\"wp-block-paragraph\">Al\u00e9m do tatu-bola, o banco do IHP acompanha outras esp\u00e9cies amea\u00e7adas que habitam a Serra do Amolar. Entre os registros est\u00e3o&nbsp;<a href=\"https:\/\/folhams.com.br\/2026\/07\/25\/nova-onca-pintada-volta-a-circular-perto-de-casas-em-corumba-e-passa-a-ser-monitorada-pela-pma\/\" target=\"_blank\" rel=\"noreferrer noopener\">a on\u00e7a-pintada<\/a>, cuja densidade populacional vem sendo estimada na regi\u00e3o, e a ariranha, monitorada por meio de sistemas de bioac\u00fastica. O levantamento tamb\u00e9m traz ocorr\u00eancias de tatu-canastra, tamandu\u00e1-bandeira, anta, cervo-do-pantanal, mutum-de-penacho, macaco-prego-do-papo-amarelo e queixada.<\/p>\n\n\n\n<p class=\"wp-block-paragraph\">A Serra do Amolar integra um dos principais corredores ecol\u00f3gicos do Pantanal na divisa entre Mato Grosso do Sul e Mato Grosso, pr\u00f3xima \u00e0 fronteira com a Bol\u00edvia. A \u00e1rea concentra morrarias, campos inund\u00e1veis e vegeta\u00e7\u00e3o preservada e abriga elementos dos biomas Cerrado, Mata Atl\u00e2ntica e Amaz\u00f4nia, o que a torna ref\u00fagio para diversas popula\u00e7\u00f5es silvestres.<\/p>\n\n\n\n<p class=\"wp-block-paragraph\">O monitoramento \u00e9 realizado com armadilhas fotogr\u00e1ficas, sistemas de bioac\u00fastica e trabalho de campo nas Reservas Particulares do Patrim\u00f4nio Natural administradas pelo instituto. As informa\u00e7\u00f5es alimentam o banco cient\u00edfico utilizado para acompanhar a din\u00e2mica das popula\u00e7\u00f5es e orientar a\u00e7\u00f5es de conserva\u00e7\u00e3o no Pantanal, incluindo estrat\u00e9gias de preven\u00e7\u00e3o a inc\u00eandios e suporte a pol\u00edticas p\u00fablicas.<\/p>\n\n\n\n<p class=\"wp-block-paragraph\">Neste 28 de julho, Dia Mundial da Conserva\u00e7\u00e3o da Natureza, o registro do casal de tatu-bola refor\u00e7a o papel da Serra do Amolar como um dos principais ref\u00fagios da biodiversidade pantaneira e evidencia a import\u00e2ncia do monitoramento cont\u00ednuo para proteger esp\u00e9cies amea\u00e7adas.<\/p>\n","protected":false},"excerpt":{"rendered":"<p>PorErik Silva Registro em reserva particular sinaliza casal em idade reprodutiva e refor\u00e7a o banco do IHP com mais de dez anos de monitoramento da Serra do Amolar O Instituto Homem Pantaneiro registrou um casal de tatu-bola na Serra do Amolar em Corumb\u00e1 dentro de uma Reserva Particular do Patrim\u00f4nio Natural, ampliando informa\u00e7\u00f5es sobre uma [&hellip;]<\/p>\n","protected":false},"author":1,"featured_media":11756660,"comment_status":"closed","ping_status":"open","sticky":false,"template":"","format":"standard","meta":{"footnotes":""},"categories":[2,3],"tags":[],"class_list":["post-11756659","post","type-post","status-publish","format-standard","has-post-thumbnail","hentry","category-corumba","category-destaque"],"_links":{"self":[{"href":"https:\/\/bandfmcorumba.agoranoar.com.br\/index.php\/wp-json\/wp\/v2\/posts\/11756659","targetHints":{"allow":["GET"]}}],"collection":[{"href":"https:\/\/bandfmcorumba.agoranoar.com.br\/index.php\/wp-json\/wp\/v2\/posts"}],"about":[{"href":"https:\/\/bandfmcorumba.agoranoar.com.br\/index.php\/wp-json\/wp\/v2\/types\/post"}],"author":[{"embeddable":true,"href":"https:\/\/bandfmcorumba.agoranoar.com.br\/index.php\/wp-json\/wp\/v2\/users\/1"}],"replies":[{"embeddable":true,"href":"https:\/\/bandfmcorumba.agoranoar.com.br\/index.php\/wp-json\/wp\/v2\/comments?post=11756659"}],"version-history":[{"count":0,"href":"https:\/\/bandfmcorumba.agoranoar.com.br\/index.php\/wp-json\/wp\/v2\/posts\/11756659\/revisions"}],"wp:attachment":[{"href":"https:\/\/bandfmcorumba.agoranoar.com.br\/index.php\/wp-json\/wp\/v2\/media?parent=11756659"}],"wp:term":[{"taxonomy":"category","embeddable":true,"href":"https:\/\/bandfmcorumba.agoranoar.com.br\/index.php\/wp-json\/wp\/v2\/categories?post=11756659"},{"taxonomy":"post_tag","embeddable":true,"href":"https:\/\/bandfmcorumba.agoranoar.com.br\/index.php\/wp-json\/wp\/v2\/tags?post=11756659"}],"curies":[{"name":"wp","href":"https:\/\/api.w.org\/{rel}","templated":true}]}}