{"id":11756656,"date":"2026-07-29T08:07:43","date_gmt":"2026-07-29T12:07:43","guid":{"rendered":"https:\/\/grupopantanalms.com.br\/?p=11756656"},"modified":"2026-07-29T08:07:43","modified_gmt":"2026-07-29T12:07:43","slug":"oms-diz-que-sus-e-exemplo-mundial-de-sistema-de-saude","status":"publish","type":"post","link":"https:\/\/bandfmcorumba.agoranoar.com.br\/index.php\/2026\/07\/29\/oms-diz-que-sus-e-exemplo-mundial-de-sistema-de-saude\/","title":{"rendered":"OMS diz que SUS \u00e9 exemplo mundial de sistema de sa\u00fade"},"content":{"rendered":"\n<p class=\"wp-block-paragraph\"><img loading=\"lazy\" decoding=\"async\" width=\"26\" height=\"26\" alt=\"\" src=\"https:\/\/folhams.com.br\/wp-content\/uploads\/2026\/02\/avatar-150x150.jpg\">Por<a href=\"https:\/\/folhams.com.br\/author\/erik-silva\/\">Erik Silva<\/a><\/p>\n\n\n\n\n\n<p class=\"wp-block-paragraph\">Na segunda-feira (27), o diretor-geral da Organiza\u00e7\u00e3o Mundial da Sa\u00fade, Tedros Adhanom Ghebreyesus, afirmou no Hospital Federal do Andara\u00ed, na Zona Norte do Rio de Janeiro, que o Sistema \u00danico de Sa\u00fade alcan\u00e7a cobertura ampla para mais de 200 milh\u00f5es de pessoas, durante ato que reuniu o presidente Luiz In\u00e1cio Lula da Silva, o ministro da Sa\u00fade Alexandre Padilha e autoridades estaduais e municipais.<\/p>\n\n\n\n<p class=\"wp-block-paragraph\">Tedros Adhanom Ghebreyesus, diretor-geral da OMS, destacou a raridade de sistemas p\u00fablicos com alcance t\u00e3o extenso. \u201cO SUS \u00e9 um dos rar\u00edssimos sistemas de sa\u00fade no mundo que cobre toda a popula\u00e7\u00e3o. Com isso, garante acesso \u00e0s pessoas que n\u00e3o t\u00eam condi\u00e7\u00f5es de pagar pelos servi\u00e7os de sa\u00fade\u201d<\/p>\n\n\n\n<p class=\"wp-block-paragraph\">Em seguida, ele reafirmou o papel do Brasil no cen\u00e1rio global e ligou a universalidade do sistema a um princ\u00edpio coletivo de sa\u00fade. \u201cO Brasil mostra ao mundo que serve como exemplo. O sistema de sa\u00fade brasileiro \u00e9 universal e demonstra que sa\u00fade deve ser para todos, n\u00e3o apenas para alguns\u201d<\/p>\n\n\n\n<p class=\"wp-block-paragraph\">Durante a visita, Tedros tamb\u00e9m elogiou a participa\u00e7\u00e3o brasileira na agenda internacional da sa\u00fade, citando o acordo global sobre pandemias aprovado neste ano e a coopera\u00e7\u00e3o hist\u00f3rica entre a OMS e a Funda\u00e7\u00e3o Oswaldo Cruz, manifesta\u00e7\u00f5es que marcaram o tom de reconhecimento institucional \u00e0 atua\u00e7\u00e3o do pa\u00eds.<\/p>\n\n\n\n<h3 class=\"wp-block-heading\">Hepatite B<\/h3>\n\n\n\n<p class=\"wp-block-paragraph\">No evento foi entregue um dossi\u00ea que inicia o processo de certifica\u00e7\u00e3o internacional para a elimina\u00e7\u00e3o da transmiss\u00e3o vertical da hepatite B como problema de sa\u00fade p\u00fablica no Brasil, documento apresentado no Dia Mundial de Luta contra as Hepatites Virais, e reconheceu esfor\u00e7o coletivo de profissionais e comunidades ao longo de anos.<\/p>\n\n\n\n<p class=\"wp-block-paragraph\">Tedros Adhanom Ghebreyesus, ao relacionar o resultado ao trabalho nacional, destacou disciplina e persist\u00eancia nas a\u00e7\u00f5es de elimina\u00e7\u00e3o. \u201cMais uma vez, agrade\u00e7o ao Brasil por mostrar que a elimina\u00e7\u00e3o \u00e9 uma disciplina, e n\u00e3o apenas um slogan\u201d<\/p>\n\n\n\n<p class=\"wp-block-paragraph\">A visita de Tedros ao Hospital Federal do Andara\u00ed integrou sua passagem pelo Brasil para participa\u00e7\u00e3o na Confer\u00eancia Internacional sobre HIV\/Aids e compromissos com o Minist\u00e9rio da Sa\u00fade voltados \u00e0s estrat\u00e9gias de elimina\u00e7\u00e3o de doen\u00e7as e ao fortalecimento da coopera\u00e7\u00e3o entre a OMS e institui\u00e7\u00f5es brasileiras.<\/p>\n\n\n\n<h3 class=\"wp-block-heading\">Tratamento de c\u00e2ncer<\/h3>\n\n\n\n<p class=\"wp-block-paragraph\">O ministro Alexandre Padilha utilizou a visita para apresentar \u00e0 OMS iniciativas do sistema p\u00fablico na \u00e1rea oncol\u00f3gica e projetou amplia\u00e7\u00e3o de servi\u00e7os especializados em todo o pa\u00eds. \u201cN\u00f3s vamos consolidar no Brasil a maior rede p\u00fablica universal de preven\u00e7\u00e3o, diagn\u00f3stico e tratamento do c\u00e2ncer do mundo\u201d<\/p>\n\n\n\n<p class=\"wp-block-paragraph\">Padilha detalhou investimentos e expans\u00e3o de infraestrutura, incluindo novos centros de radioterapia, amplia\u00e7\u00e3o do programa Brasil Sorridente, incorpora\u00e7\u00e3o da cirurgia rob\u00f3tica no SUS, refor\u00e7o do transporte sanit\u00e1rio e fortalecimento da aten\u00e7\u00e3o b\u00e1sica, elementos que, segundo o minist\u00e9rio, comp\u00f5em a estrat\u00e9gia para ampliar acesso e resolutividade.<\/p>\n\n\n\n<p class=\"wp-block-paragraph\">O presidente Luiz In\u00e1cio Lula da Silva, presente na visita, relacionou a recupera\u00e7\u00e3o das unidades federais do Rio \u00e0 meta de qualidade e excel\u00eancia dos servi\u00e7os de sa\u00fade e valorizou o trabalho das equipes. \u201cN\u00e3o existe no planeta um pa\u00eds com mais de 100 milh\u00f5es de habitantes que tenha um sistema universal de sa\u00fade funcionando como o nosso SUS\u201d<\/p>\n\n\n\n<p class=\"wp-block-paragraph\">Na mesma sequ\u00eancia, Lula enalteceu o comprometimento dos profissionais que mant\u00eam o atendimento di\u00e1rio e associou esse esfor\u00e7o \u00e0s a\u00e7\u00f5es de fortalecimento do sistema. \u201cO SUS funciona porque os faxineiros, os enfermeiros, os m\u00e9dicos, os t\u00e9cnicos e todos os trabalhadores tiveram coragem de cuidar das pessoas. \u00c9 por isso que estamos fortalecendo o SUS\u201d<\/p>\n","protected":false},"excerpt":{"rendered":"<p>PorErik Silva Na segunda-feira (27), o diretor-geral da Organiza\u00e7\u00e3o Mundial da Sa\u00fade, Tedros Adhanom Ghebreyesus, afirmou no Hospital Federal do Andara\u00ed, na Zona Norte do Rio de Janeiro, que o Sistema \u00danico de Sa\u00fade alcan\u00e7a cobertura ampla para mais de 200 milh\u00f5es de pessoas, durante ato que reuniu o presidente Luiz In\u00e1cio Lula da Silva, [&hellip;]<\/p>\n","protected":false},"author":1,"featured_media":11756657,"comment_status":"closed","ping_status":"open","sticky":false,"template":"","format":"standard","meta":{"footnotes":""},"categories":[2,3],"tags":[],"class_list":["post-11756656","post","type-post","status-publish","format-standard","has-post-thumbnail","hentry","category-corumba","category-destaque"],"_links":{"self":[{"href":"https:\/\/bandfmcorumba.agoranoar.com.br\/index.php\/wp-json\/wp\/v2\/posts\/11756656","targetHints":{"allow":["GET"]}}],"collection":[{"href":"https:\/\/bandfmcorumba.agoranoar.com.br\/index.php\/wp-json\/wp\/v2\/posts"}],"about":[{"href":"https:\/\/bandfmcorumba.agoranoar.com.br\/index.php\/wp-json\/wp\/v2\/types\/post"}],"author":[{"embeddable":true,"href":"https:\/\/bandfmcorumba.agoranoar.com.br\/index.php\/wp-json\/wp\/v2\/users\/1"}],"replies":[{"embeddable":true,"href":"https:\/\/bandfmcorumba.agoranoar.com.br\/index.php\/wp-json\/wp\/v2\/comments?post=11756656"}],"version-history":[{"count":0,"href":"https:\/\/bandfmcorumba.agoranoar.com.br\/index.php\/wp-json\/wp\/v2\/posts\/11756656\/revisions"}],"wp:attachment":[{"href":"https:\/\/bandfmcorumba.agoranoar.com.br\/index.php\/wp-json\/wp\/v2\/media?parent=11756656"}],"wp:term":[{"taxonomy":"category","embeddable":true,"href":"https:\/\/bandfmcorumba.agoranoar.com.br\/index.php\/wp-json\/wp\/v2\/categories?post=11756656"},{"taxonomy":"post_tag","embeddable":true,"href":"https:\/\/bandfmcorumba.agoranoar.com.br\/index.php\/wp-json\/wp\/v2\/tags?post=11756656"}],"curies":[{"name":"wp","href":"https:\/\/api.w.org\/{rel}","templated":true}]}}