{"id":11756647,"date":"2026-07-28T14:21:57","date_gmt":"2026-07-28T18:21:57","guid":{"rendered":"https:\/\/grupopantanalms.com.br\/?p=11756647"},"modified":"2026-07-28T14:21:57","modified_gmt":"2026-07-28T18:21:57","slug":"camera-flagra-invasao-e-furto-a-casa-de-moradora-que-viajava-em-corumba","status":"publish","type":"post","link":"https:\/\/bandfmcorumba.agoranoar.com.br\/index.php\/2026\/07\/28\/camera-flagra-invasao-e-furto-a-casa-de-moradora-que-viajava-em-corumba\/","title":{"rendered":"C\u00e2mera flagra invas\u00e3o e furto a casa de moradora que viajava em Corumb\u00e1"},"content":{"rendered":"\n<p class=\"wp-block-paragraph\"><strong>Leonardo Cabral<\/strong>&nbsp;em 28 de Julho de 2026<\/p>\n\n\n\n\n\n<p class=\"wp-block-paragraph\">Uma mulher de 25 anos procurou a Delegacia de Pol\u00edcia Civil ap\u00f3s ter a resid\u00eancia invadida e diversos pertences furtados no domingo, 26 de julho, na rua Joaquim Murtinho, bairro Aeroporto, em Corumb\u00e1. A a\u00e7\u00e3o criminosa foi registrada pelas c\u00e2meras de seguran\u00e7a do im\u00f3vel.<\/p>\n\n\n\n<p class=\"wp-block-paragraph\">Conforme o boletim de ocorr\u00eancia n\u00ba 3152\/2026, ao qual o&nbsp;<strong>Di\u00e1rio Corumbaense<\/strong>&nbsp;teve acesso, a v\u00edtima relatou que por volta das 14h38 recebeu uma notifica\u00e7\u00e3o do aplicativo de monitoramento da resid\u00eancia informando movimenta\u00e7\u00e3o no local. Ao acessar as imagens, viu um homem pulando o muro da casa, for\u00e7ando uma janela da cozinha e entrando no im\u00f3vel.<\/p>\n\n\n\n<p class=\"wp-block-paragraph\">A mulher informou que estava viajando havia cerca de um m\u00eas. A resid\u00eancia integra um conjunto com outras tr\u00eas casas e, segundo ela, at\u00e9 duas semanas antes do furto havia obras em andamento em dois im\u00f3veis vizinhos, o que pode ter facilitado a a\u00e7\u00e3o do ladr\u00e3o, j\u00e1 que n\u00e3o havia pessoas no local.<\/p>\n\n\n\n<p class=\"wp-block-paragraph\">A v\u00edtima constatou o furto de uma air fryer, avaliada em R$ 300; duas c\u00e2meras de monitoramento, avaliadas em R$ 180 e R$ 150; uma panela el\u00e9trica de arroz, no valor de R$ 200, e uma extens\u00e3o el\u00e9trica.<\/p>\n","protected":false},"excerpt":{"rendered":"<p>Leonardo Cabral&nbsp;em 28 de Julho de 2026 Uma mulher de 25 anos procurou a Delegacia de Pol\u00edcia Civil ap\u00f3s ter a resid\u00eancia invadida e diversos pertences furtados no domingo, 26 de julho, na rua Joaquim Murtinho, bairro Aeroporto, em Corumb\u00e1. A a\u00e7\u00e3o criminosa foi registrada pelas c\u00e2meras de seguran\u00e7a do im\u00f3vel. Conforme o boletim de [&hellip;]<\/p>\n","protected":false},"author":1,"featured_media":11756648,"comment_status":"closed","ping_status":"open","sticky":false,"template":"","format":"standard","meta":{"footnotes":""},"categories":[2,3],"tags":[],"class_list":["post-11756647","post","type-post","status-publish","format-standard","has-post-thumbnail","hentry","category-corumba","category-destaque"],"_links":{"self":[{"href":"https:\/\/bandfmcorumba.agoranoar.com.br\/index.php\/wp-json\/wp\/v2\/posts\/11756647","targetHints":{"allow":["GET"]}}],"collection":[{"href":"https:\/\/bandfmcorumba.agoranoar.com.br\/index.php\/wp-json\/wp\/v2\/posts"}],"about":[{"href":"https:\/\/bandfmcorumba.agoranoar.com.br\/index.php\/wp-json\/wp\/v2\/types\/post"}],"author":[{"embeddable":true,"href":"https:\/\/bandfmcorumba.agoranoar.com.br\/index.php\/wp-json\/wp\/v2\/users\/1"}],"replies":[{"embeddable":true,"href":"https:\/\/bandfmcorumba.agoranoar.com.br\/index.php\/wp-json\/wp\/v2\/comments?post=11756647"}],"version-history":[{"count":0,"href":"https:\/\/bandfmcorumba.agoranoar.com.br\/index.php\/wp-json\/wp\/v2\/posts\/11756647\/revisions"}],"wp:attachment":[{"href":"https:\/\/bandfmcorumba.agoranoar.com.br\/index.php\/wp-json\/wp\/v2\/media?parent=11756647"}],"wp:term":[{"taxonomy":"category","embeddable":true,"href":"https:\/\/bandfmcorumba.agoranoar.com.br\/index.php\/wp-json\/wp\/v2\/categories?post=11756647"},{"taxonomy":"post_tag","embeddable":true,"href":"https:\/\/bandfmcorumba.agoranoar.com.br\/index.php\/wp-json\/wp\/v2\/tags?post=11756647"}],"curies":[{"name":"wp","href":"https:\/\/api.w.org\/{rel}","templated":true}]}}