{"id":11756627,"date":"2026-07-27T14:53:03","date_gmt":"2026-07-27T18:53:03","guid":{"rendered":"https:\/\/grupopantanalms.com.br\/?p=11756627"},"modified":"2026-07-27T14:53:03","modified_gmt":"2026-07-27T18:53:03","slug":"eclipse-solar-total-tera-a-maior-duracao-do-seculo-e-sera-visto-em-quatro-continentes","status":"publish","type":"post","link":"https:\/\/bandfmcorumba.agoranoar.com.br\/index.php\/2026\/07\/27\/eclipse-solar-total-tera-a-maior-duracao-do-seculo-e-sera-visto-em-quatro-continentes\/","title":{"rendered":"Eclipse solar total ter\u00e1 a maior dura\u00e7\u00e3o do s\u00e9culo e ser\u00e1 visto em quatro continentes"},"content":{"rendered":"\n<p class=\"wp-block-paragraph\"><img loading=\"lazy\" decoding=\"async\" width=\"26\" height=\"26\" alt=\"\" src=\"https:\/\/folhams.com.br\/wp-content\/uploads\/2026\/02\/avatar-150x150.jpg\">Por<a href=\"https:\/\/folhams.com.br\/author\/erik-silva\/\">Erik Silva<\/a>27 de julho de 2026<\/p>\n\n\n\n\n\n<p class=\"wp-block-paragraph\">Fen\u00f4meno alcan\u00e7ar\u00e1 a maior dura\u00e7\u00e3o do s\u00e9culo e ser\u00e1 vis\u00edvel em quatro continentes, com observadores em muitas \u00e1reas vendo apenas parte do disco solar. Eclipse solar total mais longo do s\u00e9culo 21 vai ocorrer em 2 de agosto de 2027. A totalidade ocorrer\u00e1 numa faixa estreita enquanto Europa \u00c1frica sul da \u00c1sia e o leste da Am\u00e9rica do Norte registrar\u00e3o vis\u00e3o parcial.<\/p>\n\n\n\n<p class=\"wp-block-paragraph\">A longa dura\u00e7\u00e3o est\u00e1 ligada ao perigeu lunar quando a Lua fica mais pr\u00f3xima da Terra e projeta uma sombra maior que deve cobrir cerca de 2,5 milh\u00f5es de quil\u00f4metros quadrados. Este ser\u00e1 o&nbsp;<a href=\"https:\/\/folhams.com.br\/2024\/10\/02\/eclipse-do-sol-acontece-hoje-a-tarde-veja-horario-e-como-observar\/\" target=\"_blank\" rel=\"noreferrer noopener\">eclipse total mais longo<\/a>&nbsp;na Terra entre 1991 e 2114 e supera a totalidade de abril de 2024 na Am\u00e9rica do Norte que teve 4min28s de totalidade.<\/p>\n\n\n\n<h3 class=\"wp-block-heading\">Como funciona o fen\u00f4meno<\/h3>\n\n\n\n<p class=\"wp-block-paragraph\">O alinhamento faz com que, vistos da Terra, o Sol e a Lua pare\u00e7am ter o mesmo tamanho porque o Sol \u00e9 cerca de 400 vezes maior e tamb\u00e9m cerca de 400 vezes mais distante. Os hor\u00e1rios t\u00eam refer\u00eancia para Bras\u00edlia e o parcial come\u00e7a \u00e0s 04h30 (Bras\u00edlia) a totalidade \u00e0s 05h23 o m\u00e1ximo \u00e0s 07h06 o fim da totalidade \u00e0s 08h49 e o t\u00e9rmino do parcial \u00e0s 09h43.<\/p>\n","protected":false},"excerpt":{"rendered":"<p>PorErik Silva27 de julho de 2026 Fen\u00f4meno alcan\u00e7ar\u00e1 a maior dura\u00e7\u00e3o do s\u00e9culo e ser\u00e1 vis\u00edvel em quatro continentes, com observadores em muitas \u00e1reas vendo apenas parte do disco solar. Eclipse solar total mais longo do s\u00e9culo 21 vai ocorrer em 2 de agosto de 2027. A totalidade ocorrer\u00e1 numa faixa estreita enquanto Europa \u00c1frica [&hellip;]<\/p>\n","protected":false},"author":1,"featured_media":11756628,"comment_status":"closed","ping_status":"open","sticky":false,"template":"","format":"standard","meta":{"footnotes":""},"categories":[7],"tags":[],"class_list":["post-11756627","post","type-post","status-publish","format-standard","has-post-thumbnail","hentry","category-geral"],"_links":{"self":[{"href":"https:\/\/bandfmcorumba.agoranoar.com.br\/index.php\/wp-json\/wp\/v2\/posts\/11756627","targetHints":{"allow":["GET"]}}],"collection":[{"href":"https:\/\/bandfmcorumba.agoranoar.com.br\/index.php\/wp-json\/wp\/v2\/posts"}],"about":[{"href":"https:\/\/bandfmcorumba.agoranoar.com.br\/index.php\/wp-json\/wp\/v2\/types\/post"}],"author":[{"embeddable":true,"href":"https:\/\/bandfmcorumba.agoranoar.com.br\/index.php\/wp-json\/wp\/v2\/users\/1"}],"replies":[{"embeddable":true,"href":"https:\/\/bandfmcorumba.agoranoar.com.br\/index.php\/wp-json\/wp\/v2\/comments?post=11756627"}],"version-history":[{"count":0,"href":"https:\/\/bandfmcorumba.agoranoar.com.br\/index.php\/wp-json\/wp\/v2\/posts\/11756627\/revisions"}],"wp:attachment":[{"href":"https:\/\/bandfmcorumba.agoranoar.com.br\/index.php\/wp-json\/wp\/v2\/media?parent=11756627"}],"wp:term":[{"taxonomy":"category","embeddable":true,"href":"https:\/\/bandfmcorumba.agoranoar.com.br\/index.php\/wp-json\/wp\/v2\/categories?post=11756627"},{"taxonomy":"post_tag","embeddable":true,"href":"https:\/\/bandfmcorumba.agoranoar.com.br\/index.php\/wp-json\/wp\/v2\/tags?post=11756627"}],"curies":[{"name":"wp","href":"https:\/\/api.w.org\/{rel}","templated":true}]}}