{"id":11756623,"date":"2026-07-27T14:50:59","date_gmt":"2026-07-27T18:50:59","guid":{"rendered":"https:\/\/grupopantanalms.com.br\/?p=11756623"},"modified":"2026-07-27T14:50:59","modified_gmt":"2026-07-27T18:50:59","slug":"prefeitura-de-corumba-empossa-sete-aprovados-em-concurso-publico","status":"publish","type":"post","link":"https:\/\/bandfmcorumba.agoranoar.com.br\/index.php\/2026\/07\/27\/prefeitura-de-corumba-empossa-sete-aprovados-em-concurso-publico\/","title":{"rendered":"Prefeitura de Corumb\u00e1 empossa sete aprovados em concurso p\u00fablico"},"content":{"rendered":"\n<p class=\"wp-block-paragraph\"><img loading=\"lazy\" decoding=\"async\" width=\"26\" height=\"26\" alt=\"Lucas Meirelles\" src=\"https:\/\/folhams.com.br\/wp-content\/uploads\/2026\/02\/lucas-meirelles-150x150.webp\">Por<a href=\"https:\/\/folhams.com.br\/author\/lucas-meirelles\/\">Lucas Meirelles<\/a>27 de julho de 2026<\/p>\n\n\n\n\n\n<p class=\"wp-block-paragraph\">A Prefeitura de Corumb\u00e1 empossou, nesta segunda-feira, 27 de julho, sete servidores aprovados no concurso p\u00fablico de 2024 para cargos efetivos no Poder Executivo Municipal.<\/p>\n\n\n\n<p class=\"wp-block-paragraph\">As nomea\u00e7\u00f5es foram formalizadas pela Portaria \u201cP\u201d n\u00ba 269, de 2 de julho de 2026, assinada pelo prefeito Dr. Gabriel Alves de Oliveira, em conformidade com a ordem de classifica\u00e7\u00e3o do concurso regido pelo Edital n\u00ba 001\/01\/2024 e homologado pelo Edital n\u00ba 023\/01\/2024, e a portaria entrou em vigor na data de sua publica\u00e7\u00e3o.<\/p>\n\n\n\n<p class=\"wp-block-paragraph\">Os profissionais empossados foram aprovados para fun\u00e7\u00f5es de n\u00edveis fundamental, m\u00e9dio e superior e atuar\u00e3o nas \u00e1reas de Sa\u00fade, Educa\u00e7\u00e3o, Assist\u00eancia Social, Engenharia e Administra\u00e7\u00e3o, conforme a rela\u00e7\u00e3o de cargos prevista no certame.<\/p>\n\n\n\n<p class=\"wp-block-paragraph\">A solenidade de posse foi coordenada pela Escola de Governo EGOV, que promoveu uma a\u00e7\u00e3o de acolhimento destinada a apresentar aos novos servidores as normas e rotinas do servi\u00e7o p\u00fablico municipal.<\/p>\n\n\n\n<p class=\"wp-block-paragraph\">Representantes da Controladoria Geral do Munic\u00edpio CGM detalharam o C\u00f3digo de \u00c9tica do Servidor P\u00fablico Municipal e o Estatuto do Servidor, explicaram as infra\u00e7\u00f5es disciplinares previstas na legisla\u00e7\u00e3o e orientaram sobre os direitos e deveres funcionais, al\u00e9m de esclarecer o funcionamento do canal da Ouvidoria.<\/p>\n\n\n\n<p class=\"wp-block-paragraph\">A Funda\u00e7\u00e3o de Previd\u00eancia dos Servidores Municipais de Corumb\u00e1 apresentou informa\u00e7\u00f5es sobre a contribui\u00e7\u00e3o previdenci\u00e1ria e o funcionamento do regime pr\u00f3prio de previd\u00eancia social dos servidores municipais, fornecendo orienta\u00e7\u00f5es pr\u00e1ticas sobre o sistema de benef\u00edcios e encargos.<\/p>\n\n\n\n<p class=\"wp-block-paragraph\">A equipe de Recursos Humanos repassou aos empossados informa\u00e7\u00f5es sobre o plano de carreira vigente, o controle de frequ\u00eancia por meio do rel\u00f3gio de ponto e as regras relativas ao est\u00e1gio probat\u00f3rio, per\u00edodo destinado \u00e0 avalia\u00e7\u00e3o do desempenho dos servidores rec\u00e9m-empossados.<\/p>\n\n\n\n<p class=\"wp-block-paragraph\">As etapas de acolhimento e orienta\u00e7\u00e3o integraram a rotina inicial dos servidores para assegurar o cumprimento das normas administrativas e previdenci\u00e1rias que regem o exerc\u00edcio das fun\u00e7\u00f5es p\u00fablicas no munic\u00edpio.<\/p>\n","protected":false},"excerpt":{"rendered":"<p>PorLucas Meirelles27 de julho de 2026 A Prefeitura de Corumb\u00e1 empossou, nesta segunda-feira, 27 de julho, sete servidores aprovados no concurso p\u00fablico de 2024 para cargos efetivos no Poder Executivo Municipal. As nomea\u00e7\u00f5es foram formalizadas pela Portaria \u201cP\u201d n\u00ba 269, de 2 de julho de 2026, assinada pelo prefeito Dr. Gabriel Alves de Oliveira, em [&hellip;]<\/p>\n","protected":false},"author":1,"featured_media":11756624,"comment_status":"closed","ping_status":"open","sticky":false,"template":"","format":"standard","meta":{"footnotes":""},"categories":[2],"tags":[],"class_list":["post-11756623","post","type-post","status-publish","format-standard","has-post-thumbnail","hentry","category-corumba"],"_links":{"self":[{"href":"https:\/\/bandfmcorumba.agoranoar.com.br\/index.php\/wp-json\/wp\/v2\/posts\/11756623","targetHints":{"allow":["GET"]}}],"collection":[{"href":"https:\/\/bandfmcorumba.agoranoar.com.br\/index.php\/wp-json\/wp\/v2\/posts"}],"about":[{"href":"https:\/\/bandfmcorumba.agoranoar.com.br\/index.php\/wp-json\/wp\/v2\/types\/post"}],"author":[{"embeddable":true,"href":"https:\/\/bandfmcorumba.agoranoar.com.br\/index.php\/wp-json\/wp\/v2\/users\/1"}],"replies":[{"embeddable":true,"href":"https:\/\/bandfmcorumba.agoranoar.com.br\/index.php\/wp-json\/wp\/v2\/comments?post=11756623"}],"version-history":[{"count":0,"href":"https:\/\/bandfmcorumba.agoranoar.com.br\/index.php\/wp-json\/wp\/v2\/posts\/11756623\/revisions"}],"wp:attachment":[{"href":"https:\/\/bandfmcorumba.agoranoar.com.br\/index.php\/wp-json\/wp\/v2\/media?parent=11756623"}],"wp:term":[{"taxonomy":"category","embeddable":true,"href":"https:\/\/bandfmcorumba.agoranoar.com.br\/index.php\/wp-json\/wp\/v2\/categories?post=11756623"},{"taxonomy":"post_tag","embeddable":true,"href":"https:\/\/bandfmcorumba.agoranoar.com.br\/index.php\/wp-json\/wp\/v2\/tags?post=11756623"}],"curies":[{"name":"wp","href":"https:\/\/api.w.org\/{rel}","templated":true}]}}