{"id":11756619,"date":"2026-07-27T14:49:54","date_gmt":"2026-07-27T18:49:54","guid":{"rendered":"https:\/\/grupopantanalms.com.br\/?p=11756619"},"modified":"2026-07-27T14:49:54","modified_gmt":"2026-07-27T18:49:54","slug":"guarda-civil-municipal-inicia-capacitacao-em-armas-longas-para-romu","status":"publish","type":"post","link":"https:\/\/bandfmcorumba.agoranoar.com.br\/index.php\/2026\/07\/27\/guarda-civil-municipal-inicia-capacitacao-em-armas-longas-para-romu\/","title":{"rendered":"Guarda Civil Municipal inicia capacita\u00e7\u00e3o em armas longas para ROMU"},"content":{"rendered":"\n<p class=\"wp-block-paragraph\"><img loading=\"lazy\" decoding=\"async\" width=\"26\" height=\"26\" alt=\"Lucas Meirelles\" src=\"https:\/\/folhams.com.br\/wp-content\/uploads\/2026\/02\/lucas-meirelles-150x150.webp\">Por<a href=\"https:\/\/folhams.com.br\/author\/lucas-meirelles\/\">Lucas Meirelles<\/a>27 de julho de 2026<\/p>\n\n\n\n\n\n<p class=\"wp-block-paragraph\">Teve in\u00edcio na manh\u00e3 desta segunda-feira a primeira turma do curso de capacita\u00e7\u00e3o em armas longas oferecido \u00e0 Guarda Civil Municipal, com calend\u00e1rio que vai at\u00e9 a pr\u00f3xima sexta-feira, 31 de julho. As atividades combinam aulas te\u00f3ricas e pr\u00e1ticas, incluindo sess\u00f5es em estande de tiro, e fazem parte do programa de qualifica\u00e7\u00e3o continuada desenvolvido pela administra\u00e7\u00e3o municipal para os integrantes da corpora\u00e7\u00e3o.<\/p>\n\n\n\n<p class=\"wp-block-paragraph\">O treinamento foi reservado ao grupamento ROMU em raz\u00e3o das atribui\u00e7\u00f5es operacionais que o setor desempenha no apoio \u00e0s a\u00e7\u00f5es de seguran\u00e7a p\u00fablica do munic\u00edpio, decis\u00e3o tomada para ajustar a forma\u00e7\u00e3o ao perfil das miss\u00f5es que o grupo realiza.<\/p>\n\n\n\n<p class=\"wp-block-paragraph\">Fernando Jorge Castro de Lucena, secret\u00e1rio municipal de Seguran\u00e7a P\u00fablica e Defesa Social, detalhou a articula\u00e7\u00e3o entre a capacita\u00e7\u00e3o e a aquisi\u00e7\u00e3o de material pela Prefeitura.<\/p>\n\n\n\n<p class=\"wp-block-paragraph\">\u201cO curso faz parte do processo de capacita\u00e7\u00e3o para o uso das armas adquiridas pela Prefeitura. Neste ano, j\u00e1 realizamos dois cursos de qualifica\u00e7\u00e3o com as pistolas e ainda teremos mais dois\u201d<\/p>\n\n\n\n<p class=\"wp-block-paragraph\">O foco exclusivo no grupamento t\u00e1tico tamb\u00e9m foi justificado pela gest\u00e3o em fun\u00e7\u00e3o do trabalho operacional que atribui responsabilidades espec\u00edficas \u00e0 ROMU.<\/p>\n\n\n\n<p class=\"wp-block-paragraph\">Fernando Jorge Castro de Lucena, secret\u00e1rio municipal de Seguran\u00e7a P\u00fablica e Defesa Social, esclareceu a op\u00e7\u00e3o por concentrar a forma\u00e7\u00e3o neste p\u00fablico.<\/p>\n\n\n\n<p class=\"wp-block-paragraph\">\u201cOptamos por ministrar esse curso apenas para o grupamento t\u00e1tico que atua no apoio \u00e0s a\u00e7\u00f5es de seguran\u00e7a p\u00fablica do munic\u00edpio\u201d<\/p>\n\n\n\n<p class=\"wp-block-paragraph\">Em complemento \u00e0s explica\u00e7\u00f5es sobre sele\u00e7\u00e3o e cronograma, a autoridade ressaltou a import\u00e2ncia de aliar preparo e equipamentos para o desempenho das fun\u00e7\u00f5es de seguran\u00e7a.<\/p>\n\n\n\n<p class=\"wp-block-paragraph\">\u201c\u00c9 importante que o nosso grupamento esteja devidamente capacitado e equipado para atuar na garantia da seguran\u00e7a p\u00fablica e na presta\u00e7\u00e3o dos servi\u00e7os \u00e0 popula\u00e7\u00e3o\u201d<\/p>\n\n\n\n<p class=\"wp-block-paragraph\">At\u00e9 sexta-feira a programa\u00e7\u00e3o prev\u00ea sequ\u00eancia de instru\u00e7\u00f5es te\u00f3ricas e exerc\u00edcios pr\u00e1ticos no estande de tiro, buscando consolidar habilidades operacionais espec\u00edficas para os agentes do ROMU.<\/p>\n","protected":false},"excerpt":{"rendered":"<p>PorLucas Meirelles27 de julho de 2026 Teve in\u00edcio na manh\u00e3 desta segunda-feira a primeira turma do curso de capacita\u00e7\u00e3o em armas longas oferecido \u00e0 Guarda Civil Municipal, com calend\u00e1rio que vai at\u00e9 a pr\u00f3xima sexta-feira, 31 de julho. As atividades combinam aulas te\u00f3ricas e pr\u00e1ticas, incluindo sess\u00f5es em estande de tiro, e fazem parte do [&hellip;]<\/p>\n","protected":false},"author":1,"featured_media":11756621,"comment_status":"closed","ping_status":"open","sticky":false,"template":"","format":"standard","meta":{"footnotes":""},"categories":[2],"tags":[],"class_list":["post-11756619","post","type-post","status-publish","format-standard","has-post-thumbnail","hentry","category-corumba"],"_links":{"self":[{"href":"https:\/\/bandfmcorumba.agoranoar.com.br\/index.php\/wp-json\/wp\/v2\/posts\/11756619","targetHints":{"allow":["GET"]}}],"collection":[{"href":"https:\/\/bandfmcorumba.agoranoar.com.br\/index.php\/wp-json\/wp\/v2\/posts"}],"about":[{"href":"https:\/\/bandfmcorumba.agoranoar.com.br\/index.php\/wp-json\/wp\/v2\/types\/post"}],"author":[{"embeddable":true,"href":"https:\/\/bandfmcorumba.agoranoar.com.br\/index.php\/wp-json\/wp\/v2\/users\/1"}],"replies":[{"embeddable":true,"href":"https:\/\/bandfmcorumba.agoranoar.com.br\/index.php\/wp-json\/wp\/v2\/comments?post=11756619"}],"version-history":[{"count":0,"href":"https:\/\/bandfmcorumba.agoranoar.com.br\/index.php\/wp-json\/wp\/v2\/posts\/11756619\/revisions"}],"wp:attachment":[{"href":"https:\/\/bandfmcorumba.agoranoar.com.br\/index.php\/wp-json\/wp\/v2\/media?parent=11756619"}],"wp:term":[{"taxonomy":"category","embeddable":true,"href":"https:\/\/bandfmcorumba.agoranoar.com.br\/index.php\/wp-json\/wp\/v2\/categories?post=11756619"},{"taxonomy":"post_tag","embeddable":true,"href":"https:\/\/bandfmcorumba.agoranoar.com.br\/index.php\/wp-json\/wp\/v2\/tags?post=11756619"}],"curies":[{"name":"wp","href":"https:\/\/api.w.org\/{rel}","templated":true}]}}