{"id":11756613,"date":"2026-07-27T14:24:28","date_gmt":"2026-07-27T18:24:28","guid":{"rendered":"https:\/\/grupopantanalms.com.br\/?p=11756613"},"modified":"2026-07-27T14:24:28","modified_gmt":"2026-07-27T18:24:28","slug":"policia-federal-mira-trafico-interestadual-de-drogas-e-armas-em-ms-sp-e-pr","status":"publish","type":"post","link":"https:\/\/bandfmcorumba.agoranoar.com.br\/index.php\/2026\/07\/27\/policia-federal-mira-trafico-interestadual-de-drogas-e-armas-em-ms-sp-e-pr\/","title":{"rendered":"Pol\u00edcia Federal mira tr\u00e1fico interestadual de drogas e armas em MS, SP e PR"},"content":{"rendered":"\n<p class=\"wp-block-paragraph\"><strong>Rosana Nunes<\/strong>&nbsp;em 27 de Julho de 2026<\/p>\n\n\n\n<p class=\"wp-block-paragraph\">Divulga\u00e7\u00e3o\/Pol\u00edcia Federal<\/p>\n\n\n\n\n\n<p class=\"wp-block-paragraph\">A Pol\u00edcia Federal deflagrou, na sexta-feira (24), a&nbsp;<em>Opera\u00e7\u00e3o Pthisis<\/em>&nbsp;para desarticular um grupo criminoso investigado por envolvimento com o tr\u00e1fico interestadual de drogas e o com\u00e9rcio ilegal de armas de fogo. A a\u00e7\u00e3o ocorreu de forma simult\u00e2nea nos estados de Mato Grosso do Sul, Paran\u00e1 e S\u00e3o Paulo.<\/p>\n\n\n\n<p class=\"wp-block-paragraph\">Foram cumpridos sete mandados de busca e apreens\u00e3o e dois de pris\u00e3o preventiva nas cidades de Ponta Por\u00e3 (MS), Foz do Igua\u00e7u (PR), Bertioga (SP), Hercul\u00e2ndia (SP) e Avar\u00e9 (SP). As ordens judiciais foram expedidas pela Vara de Garantias da Comarca de Ponta Por\u00e3.<\/p>\n\n\n\n<p class=\"wp-block-paragraph\">As investiga\u00e7\u00f5es come\u00e7aram em outubro de 2025, ap\u00f3s uma a\u00e7\u00e3o conjunta entre a Pol\u00edcia Federal e o T\u00e1tico Ostensivo Rodovi\u00e1rio (TOR), do Batalh\u00e3o de Pol\u00edcia Militar Rodovi\u00e1ria de Mato Grosso do Sul. Na ocasi\u00e3o, uma pessoa foi presa em flagrante e foram apreendidos 88,5 quilos de coca\u00edna, R$ 1.722.285,00 em dinheiro, uma pistola calibre .380 e um fuzil.<\/p>\n\n\n\n<p class=\"wp-block-paragraph\">Segundo a PF, as apura\u00e7\u00f5es identificaram uma organiza\u00e7\u00e3o criminosa estruturada, com divis\u00e3o de fun\u00e7\u00f5es entre os integrantes para negociar, armazenar, transportar e distribuir drogas entre diferentes estados.<\/p>\n\n\n\n<p class=\"wp-block-paragraph\">Durante o cumprimento de um dos mandados em Ponta Por\u00e3, cinco pessoas foram presas em flagrante. No local, os policiais apreenderam duas pistolas calibre 9 mm, carregadores, muni\u00e7\u00f5es, por\u00e7\u00f5es de coca\u00edna e maconha, balan\u00e7as de precis\u00e3o, materiais utilizados para o acondicionamento de entorpecentes, cerca de R$ 138 mil em esp\u00e9cie e um ve\u00edculo.<\/p>\n\n\n\n<p class=\"wp-block-paragraph\">A&nbsp;<em>Opera\u00e7\u00e3o Pthisis<\/em>&nbsp;\u00e9 resultado do trabalho integrado entre as for\u00e7as de seguran\u00e7a e busca enfraquecer a atua\u00e7\u00e3o de organiza\u00e7\u00f5es criminosas ligadas ao tr\u00e1fico de drogas e de armas na regi\u00e3o de fronteira e em outros estados do pa\u00eds.<\/p>\n\n\n\n<p class=\"wp-block-paragraph\"><em>Com informa\u00e7\u00f5es da Pol\u00edcia Federal.&nbsp;<\/em><\/p>\n","protected":false},"excerpt":{"rendered":"<p>Rosana Nunes&nbsp;em 27 de Julho de 2026 Divulga\u00e7\u00e3o\/Pol\u00edcia Federal A Pol\u00edcia Federal deflagrou, na sexta-feira (24), a&nbsp;Opera\u00e7\u00e3o Pthisis&nbsp;para desarticular um grupo criminoso investigado por envolvimento com o tr\u00e1fico interestadual de drogas e o com\u00e9rcio ilegal de armas de fogo. A a\u00e7\u00e3o ocorreu de forma simult\u00e2nea nos estados de Mato Grosso do Sul, Paran\u00e1 e S\u00e3o [&hellip;]<\/p>\n","protected":false},"author":1,"featured_media":11756614,"comment_status":"closed","ping_status":"open","sticky":false,"template":"","format":"standard","meta":{"footnotes":""},"categories":[2],"tags":[],"class_list":["post-11756613","post","type-post","status-publish","format-standard","has-post-thumbnail","hentry","category-corumba"],"_links":{"self":[{"href":"https:\/\/bandfmcorumba.agoranoar.com.br\/index.php\/wp-json\/wp\/v2\/posts\/11756613","targetHints":{"allow":["GET"]}}],"collection":[{"href":"https:\/\/bandfmcorumba.agoranoar.com.br\/index.php\/wp-json\/wp\/v2\/posts"}],"about":[{"href":"https:\/\/bandfmcorumba.agoranoar.com.br\/index.php\/wp-json\/wp\/v2\/types\/post"}],"author":[{"embeddable":true,"href":"https:\/\/bandfmcorumba.agoranoar.com.br\/index.php\/wp-json\/wp\/v2\/users\/1"}],"replies":[{"embeddable":true,"href":"https:\/\/bandfmcorumba.agoranoar.com.br\/index.php\/wp-json\/wp\/v2\/comments?post=11756613"}],"version-history":[{"count":0,"href":"https:\/\/bandfmcorumba.agoranoar.com.br\/index.php\/wp-json\/wp\/v2\/posts\/11756613\/revisions"}],"wp:attachment":[{"href":"https:\/\/bandfmcorumba.agoranoar.com.br\/index.php\/wp-json\/wp\/v2\/media?parent=11756613"}],"wp:term":[{"taxonomy":"category","embeddable":true,"href":"https:\/\/bandfmcorumba.agoranoar.com.br\/index.php\/wp-json\/wp\/v2\/categories?post=11756613"},{"taxonomy":"post_tag","embeddable":true,"href":"https:\/\/bandfmcorumba.agoranoar.com.br\/index.php\/wp-json\/wp\/v2\/tags?post=11756613"}],"curies":[{"name":"wp","href":"https:\/\/api.w.org\/{rel}","templated":true}]}}