{"id":11756596,"date":"2026-07-27T07:57:29","date_gmt":"2026-07-27T11:57:29","guid":{"rendered":"https:\/\/grupopantanalms.com.br\/?p=11756596"},"modified":"2026-07-27T07:57:29","modified_gmt":"2026-07-27T11:57:29","slug":"octavio-gallotti-e-velado-no-stf-apos-morte-aos-95-anos","status":"publish","type":"post","link":"https:\/\/bandfmcorumba.agoranoar.com.br\/index.php\/2026\/07\/27\/octavio-gallotti-e-velado-no-stf-apos-morte-aos-95-anos\/","title":{"rendered":"Octavio Gallotti \u00e9 velado no STF ap\u00f3s morte aos 95 anos"},"content":{"rendered":"\n<p class=\"wp-block-paragraph\"><img loading=\"lazy\" decoding=\"async\" width=\"26\" height=\"26\" src=\"https:\/\/folhams.com.br\/wp-content\/uploads\/2026\/02\/avatar-150x150.jpg\" alt=\"\">Por<a href=\"https:\/\/folhams.com.br\/author\/erik-silva\/\">Erik Silva<\/a><\/p>\n\n\n\n\n\n<p class=\"wp-block-paragraph\">O ex-presidente do Supremo Tribunal Federal Octavio Gallotti morreu aos 95 anos. O vel\u00f3rio ser\u00e1 aberto ao p\u00fablico no Sal\u00e3o Branco do STF em 27 de julho das 10h \u00e0s 16h e o sepultamento est\u00e1 previsto para 28 de julho no Rio de Janeiro.<\/p>\n\n\n\n<p class=\"wp-block-paragraph\">Conforme nota divulgada pelo STF, o vel\u00f3rio, aberto ao p\u00fablico, ser\u00e1 realizado no Sal\u00e3o Branco do STF, no dia 27 de julho, das 10h \u00e0s 16h. O sepultamento ser\u00e1 no dia 28, no Rio de Janeiro.<\/p>\n\n\n\n<p class=\"wp-block-paragraph\">Natural do Rio de Janeiro, Gallotti integrou o Supremo Tribunal Federal de 1984 a 2000 e participou da consolida\u00e7\u00e3o da jurisprud\u00eancia da Corte ap\u00f3s a promulga\u00e7\u00e3o da Constitui\u00e7\u00e3o Federal de 1988. Presidiu o STF entre 1993 e 1995 e comandou o Tribunal Superior Eleitoral entre 1994 e 1996.<\/p>\n\n\n\n<p class=\"wp-block-paragraph\">O presidente do Supremo Tribunal Federal, ministro Edson Fachin, destacou a contribui\u00e7\u00e3o de Gallotti para o pa\u00eds. \u201cMagistrado de not\u00e1vel cultura jur\u00eddica, esp\u00edrito p\u00fablico exemplar e inabal\u00e1vel compromisso com a Constitui\u00e7\u00e3o, o Ministro Gallotti deixou marcas permanentes na constru\u00e7\u00e3o da jurisprud\u00eancia e no fortalecimento das institui\u00e7\u00f5es democr\u00e1ticas do Pa\u00eds\u201d, ressaltou Fachin.<\/p>\n\n\n\n<p class=\"wp-block-paragraph\">Fachin acrescentou um coment\u00e1rio sobre a conduta p\u00fablica do ministro. \u201cAo longo de sua vida p\u00fablica, exerceu a judicatura com independ\u00eancia, serenidade e elevado senso de dever, sempre orientado pelos valores da integridade, da prud\u00eancia e da defesa do Estado de Direito. Seu legado transcende as decis\u00f5es que proferiu, projetando-se na forma\u00e7\u00e3o de gera\u00e7\u00f5es de juristas e na consolida\u00e7\u00e3o da confian\u00e7a da sociedade no Poder Judici\u00e1rio.\u201d<\/p>\n\n\n\n<p class=\"wp-block-paragraph\">Em nota, o Minist\u00e9rio P\u00fablico Federal tamb\u00e9m manifestou pesar pelo falecimento do ministro Octavio Gallotti. \u201cSua atua\u00e7\u00e3o, marcada pelo equil\u00edbrio, pela independ\u00eancia e pelo rigor t\u00e9cnico, deixa um legado de inestim\u00e1vel valor para o Direito brasileiro e para a consolida\u00e7\u00e3o do Estado Democr\u00e1tico de Direito e fortalecimento das institui\u00e7\u00f5es\u201d, frisou o MPF.<\/p>\n","protected":false},"excerpt":{"rendered":"<p>PorErik Silva O ex-presidente do Supremo Tribunal Federal Octavio Gallotti morreu aos 95 anos. O vel\u00f3rio ser\u00e1 aberto ao p\u00fablico no Sal\u00e3o Branco do STF em 27 de julho das 10h \u00e0s 16h e o sepultamento est\u00e1 previsto para 28 de julho no Rio de Janeiro. Conforme nota divulgada pelo STF, o vel\u00f3rio, aberto ao [&hellip;]<\/p>\n","protected":false},"author":1,"featured_media":11756597,"comment_status":"closed","ping_status":"open","sticky":false,"template":"","format":"standard","meta":{"footnotes":""},"categories":[7],"tags":[],"class_list":["post-11756596","post","type-post","status-publish","format-standard","has-post-thumbnail","hentry","category-geral"],"_links":{"self":[{"href":"https:\/\/bandfmcorumba.agoranoar.com.br\/index.php\/wp-json\/wp\/v2\/posts\/11756596","targetHints":{"allow":["GET"]}}],"collection":[{"href":"https:\/\/bandfmcorumba.agoranoar.com.br\/index.php\/wp-json\/wp\/v2\/posts"}],"about":[{"href":"https:\/\/bandfmcorumba.agoranoar.com.br\/index.php\/wp-json\/wp\/v2\/types\/post"}],"author":[{"embeddable":true,"href":"https:\/\/bandfmcorumba.agoranoar.com.br\/index.php\/wp-json\/wp\/v2\/users\/1"}],"replies":[{"embeddable":true,"href":"https:\/\/bandfmcorumba.agoranoar.com.br\/index.php\/wp-json\/wp\/v2\/comments?post=11756596"}],"version-history":[{"count":0,"href":"https:\/\/bandfmcorumba.agoranoar.com.br\/index.php\/wp-json\/wp\/v2\/posts\/11756596\/revisions"}],"wp:attachment":[{"href":"https:\/\/bandfmcorumba.agoranoar.com.br\/index.php\/wp-json\/wp\/v2\/media?parent=11756596"}],"wp:term":[{"taxonomy":"category","embeddable":true,"href":"https:\/\/bandfmcorumba.agoranoar.com.br\/index.php\/wp-json\/wp\/v2\/categories?post=11756596"},{"taxonomy":"post_tag","embeddable":true,"href":"https:\/\/bandfmcorumba.agoranoar.com.br\/index.php\/wp-json\/wp\/v2\/tags?post=11756596"}],"curies":[{"name":"wp","href":"https:\/\/api.w.org\/{rel}","templated":true}]}}