{"id":11756593,"date":"2026-07-27T07:55:45","date_gmt":"2026-07-27T11:55:45","guid":{"rendered":"https:\/\/grupopantanalms.com.br\/?p=11756593"},"modified":"2026-07-27T07:55:45","modified_gmt":"2026-07-27T11:55:45","slug":"cerco-policial-em-corumba-termina-com-homem-preso-e-moto-recuperada","status":"publish","type":"post","link":"https:\/\/bandfmcorumba.agoranoar.com.br\/index.php\/2026\/07\/27\/cerco-policial-em-corumba-termina-com-homem-preso-e-moto-recuperada\/","title":{"rendered":"Cerco policial em Corumb\u00e1 termina com homem preso e moto recuperada"},"content":{"rendered":"\n<p class=\"wp-block-paragraph\"><strong>Rosana Nunes<\/strong>&nbsp;em 26 de Julho de 2026<\/p>\n\n\n\n<p class=\"wp-block-paragraph\">Divulga\u00e7\u00e3o\/Pol\u00edcia Militar<\/p>\n\n\n\n\n\n<p class=\"wp-block-paragraph\">Homem que furtou uma motocicleta foi preso na madrugada deste domingo (26), em Corumb\u00e1, durante uma a\u00e7\u00e3o integrada das equipes do 6\u00ba Batalh\u00e3o da Pol\u00edcia Militar.&nbsp;<\/p>\n\n\n\n<p class=\"wp-block-paragraph\">A ocorr\u00eancia teve in\u00edcio por volta das 2 horas, quando o Centro de Opera\u00e7\u00f5es da Pol\u00edcia Militar (COPOM) acionou as equipes para atender uma den\u00fancia de furto de motocicleta registrado horas antes.<\/p>\n\n\n\n<p class=\"wp-block-paragraph\">Com base nas informa\u00e7\u00f5es fornecidas pela v\u00edtima, por testemunhas e em imagens de c\u00e2meras de seguran\u00e7a, os policiais iniciaram dilig\u00eancias que levaram \u00e0 identifica\u00e7\u00e3o do indiv\u00edduo.<\/p>\n\n\n\n<p class=\"wp-block-paragraph\">Ao perceber a aproxima\u00e7\u00e3o das equipes, o homem tentou fugir, o que deu in\u00edcio a um cerco policial com o apoio de outras guarni\u00e7\u00f5es. Ap\u00f3s cerca de 20 minutos de buscas, ele foi encontrado.<\/p>\n\n\n\n<p class=\"wp-block-paragraph\"><\/p>\n\n\n\n<p class=\"wp-block-paragraph\">Durante a a\u00e7\u00e3o, os policiais localizaram a motocicleta furtada em frente \u00e0 resid\u00eancia do homem. O ve\u00edculo apresentava diversas avarias e ind\u00edcios de que havia sido parcialmente desmontado enquanto esteve em posse do autor.<\/p>\n\n\n\n<p class=\"wp-block-paragraph\">Segundo a Pol\u00edcia Militar, a v\u00edtima reconheceu o homem ap\u00f3s analisar as imagens do sistema de monitoramento e as informa\u00e7\u00f5es levantadas durante a ocorr\u00eancia.<\/p>\n\n\n\n<p class=\"wp-block-paragraph\">O homem recebeu voz de pris\u00e3o. De acordo com a PM, foi necess\u00e1rio o uso de algemas em raz\u00e3o da tentativa de fuga. Ele foi encaminhado \u00e0 Delegacia de Pol\u00edcia Civil, juntamente com a motocicleta recuperada.<\/p>\n","protected":false},"excerpt":{"rendered":"<p>Rosana Nunes&nbsp;em 26 de Julho de 2026 Divulga\u00e7\u00e3o\/Pol\u00edcia Militar Homem que furtou uma motocicleta foi preso na madrugada deste domingo (26), em Corumb\u00e1, durante uma a\u00e7\u00e3o integrada das equipes do 6\u00ba Batalh\u00e3o da Pol\u00edcia Militar.&nbsp; A ocorr\u00eancia teve in\u00edcio por volta das 2 horas, quando o Centro de Opera\u00e7\u00f5es da Pol\u00edcia Militar (COPOM) acionou as [&hellip;]<\/p>\n","protected":false},"author":1,"featured_media":11756594,"comment_status":"closed","ping_status":"open","sticky":false,"template":"","format":"standard","meta":{"footnotes":""},"categories":[2,3],"tags":[],"class_list":["post-11756593","post","type-post","status-publish","format-standard","has-post-thumbnail","hentry","category-corumba","category-destaque"],"_links":{"self":[{"href":"https:\/\/bandfmcorumba.agoranoar.com.br\/index.php\/wp-json\/wp\/v2\/posts\/11756593","targetHints":{"allow":["GET"]}}],"collection":[{"href":"https:\/\/bandfmcorumba.agoranoar.com.br\/index.php\/wp-json\/wp\/v2\/posts"}],"about":[{"href":"https:\/\/bandfmcorumba.agoranoar.com.br\/index.php\/wp-json\/wp\/v2\/types\/post"}],"author":[{"embeddable":true,"href":"https:\/\/bandfmcorumba.agoranoar.com.br\/index.php\/wp-json\/wp\/v2\/users\/1"}],"replies":[{"embeddable":true,"href":"https:\/\/bandfmcorumba.agoranoar.com.br\/index.php\/wp-json\/wp\/v2\/comments?post=11756593"}],"version-history":[{"count":0,"href":"https:\/\/bandfmcorumba.agoranoar.com.br\/index.php\/wp-json\/wp\/v2\/posts\/11756593\/revisions"}],"wp:attachment":[{"href":"https:\/\/bandfmcorumba.agoranoar.com.br\/index.php\/wp-json\/wp\/v2\/media?parent=11756593"}],"wp:term":[{"taxonomy":"category","embeddable":true,"href":"https:\/\/bandfmcorumba.agoranoar.com.br\/index.php\/wp-json\/wp\/v2\/categories?post=11756593"},{"taxonomy":"post_tag","embeddable":true,"href":"https:\/\/bandfmcorumba.agoranoar.com.br\/index.php\/wp-json\/wp\/v2\/tags?post=11756593"}],"curies":[{"name":"wp","href":"https:\/\/api.w.org\/{rel}","templated":true}]}}