{"id":11756587,"date":"2026-07-27T07:53:22","date_gmt":"2026-07-27T11:53:22","guid":{"rendered":"https:\/\/grupopantanalms.com.br\/?p=11756587"},"modified":"2026-07-27T07:53:22","modified_gmt":"2026-07-27T11:53:22","slug":"choque-apreende-droga-e-arma-durante-operacao-com-morte-em-ladario","status":"publish","type":"post","link":"https:\/\/bandfmcorumba.agoranoar.com.br\/index.php\/2026\/07\/27\/choque-apreende-droga-e-arma-durante-operacao-com-morte-em-ladario\/","title":{"rendered":"Choque apreende droga e arma durante opera\u00e7\u00e3o com morte em Lad\u00e1rio"},"content":{"rendered":"\n<p class=\"wp-block-paragraph\"><strong>Rosana Nunes<\/strong>&nbsp;em 26 de Julho de 2026<\/p>\n\n\n\n<p class=\"wp-block-paragraph\">Um homem morreu durante uma opera\u00e7\u00e3o de equipes do Batalh\u00e3o de Pol\u00edcia Militar de Choque (BPChoque), na noite deste domingo (26), em Lad\u00e1rio. Na a\u00e7\u00e3o, os policiais apreenderam aproximadamente 1,2 quilo de maconha, um rev\u00f3lver calibre .38 e seis muni\u00e7\u00f5es do mesmo calibre.<\/p>\n\n\n\n<p class=\"wp-block-paragraph\">De acordo com a Pol\u00edcia Militar, o suspeito, conhecido pelo apelido de &#8220;Chacal&#8221;, teria desobedecido \u00e0s ordens de abordagem e reagido \u00e0 interven\u00e7\u00e3o policial. Ainda conforme a corpora\u00e7\u00e3o, durante a ocorr\u00eancia, ele atirou contra os PMs.<\/p>\n\n\n\n<p class=\"wp-block-paragraph\">Os policiais reagiram e o suspeito foi atingido. Ele n\u00e3o resistiu aos ferimentos e morreu no local.<\/p>\n\n\n\n<p class=\"wp-block-paragraph\">Al\u00e9m dos entorpecentes e da arma de fogo, a ocorr\u00eancia foi registrada pelos crimes de tr\u00e1fico de drogas, desobedi\u00eancia, resist\u00eancia, posse de arma de fogo de uso permitido, tentativa de homic\u00eddio contra autoridade integrante da seguran\u00e7a p\u00fablica e homic\u00eddio decorrente de oposi\u00e7\u00e3o \u00e0 interven\u00e7\u00e3o de agente legal do Estado.<\/p>\n\n\n\n<p class=\"wp-block-paragraph\"><\/p>\n\n\n\n<p class=\"wp-block-paragraph\">A a\u00e7\u00e3o teve apoio de equipes do 6\u00ba BPM e segundo a Pol\u00edcia Militar todas as provid\u00eancias legais foram adotadas e o caso ser\u00e1 apurado pelos \u00f3rg\u00e3os competentes.<\/p>\n\n\n\n<p class=\"wp-block-paragraph\">De acordo com a corpora\u00e7\u00e3o, a<em>&nbsp;Opera\u00e7\u00e3o Jovem Guerreiro<\/em>&nbsp;&#8211; batizada em mem\u00f3ria do soldado PM Marcelo Pimenta, morto em servi\u00e7o no dia 30 de junho deste ano &#8211; tem como prop\u00f3sito combater o tr\u00e1fico de entorpecentes e os crimes violentos, fortalecendo a seguran\u00e7a p\u00fablica na regi\u00e3o.<\/p>\n\n\n\n<figure class=\"wp-block-image size-full\"><img decoding=\"async\" src=\"https:\/\/bandfmcorumba.agoranoar.com.br\/wp-content\/uploads\/2026\/07\/6280729500384357681.jpg\" alt=\"\" class=\"wp-image-11756602\" \/><\/figure>\n\n\n\n<p class=\"wp-block-paragraph\"><strong>&#8220;Chacal&#8221; morreu no Pronto Socorro ap\u00f3s ser socorrido pela pol\u00edcia.\u00a0(Foto: Redes Sociais)<\/strong><\/p>\n","protected":false},"excerpt":{"rendered":"<p>Rosana Nunes&nbsp;em 26 de Julho de 2026 Um homem morreu durante uma opera\u00e7\u00e3o de equipes do Batalh\u00e3o de Pol\u00edcia Militar de Choque (BPChoque), na noite deste domingo (26), em Lad\u00e1rio. Na a\u00e7\u00e3o, os policiais apreenderam aproximadamente 1,2 quilo de maconha, um rev\u00f3lver calibre .38 e seis muni\u00e7\u00f5es do mesmo calibre. De acordo com a Pol\u00edcia [&hellip;]<\/p>\n","protected":false},"author":1,"featured_media":11756588,"comment_status":"closed","ping_status":"open","sticky":false,"template":"","format":"standard","meta":{"footnotes":""},"categories":[3,12],"tags":[],"class_list":["post-11756587","post","type-post","status-publish","format-standard","has-post-thumbnail","hentry","category-destaque","category-ladario"],"_links":{"self":[{"href":"https:\/\/bandfmcorumba.agoranoar.com.br\/index.php\/wp-json\/wp\/v2\/posts\/11756587","targetHints":{"allow":["GET"]}}],"collection":[{"href":"https:\/\/bandfmcorumba.agoranoar.com.br\/index.php\/wp-json\/wp\/v2\/posts"}],"about":[{"href":"https:\/\/bandfmcorumba.agoranoar.com.br\/index.php\/wp-json\/wp\/v2\/types\/post"}],"author":[{"embeddable":true,"href":"https:\/\/bandfmcorumba.agoranoar.com.br\/index.php\/wp-json\/wp\/v2\/users\/1"}],"replies":[{"embeddable":true,"href":"https:\/\/bandfmcorumba.agoranoar.com.br\/index.php\/wp-json\/wp\/v2\/comments?post=11756587"}],"version-history":[{"count":0,"href":"https:\/\/bandfmcorumba.agoranoar.com.br\/index.php\/wp-json\/wp\/v2\/posts\/11756587\/revisions"}],"wp:attachment":[{"href":"https:\/\/bandfmcorumba.agoranoar.com.br\/index.php\/wp-json\/wp\/v2\/media?parent=11756587"}],"wp:term":[{"taxonomy":"category","embeddable":true,"href":"https:\/\/bandfmcorumba.agoranoar.com.br\/index.php\/wp-json\/wp\/v2\/categories?post=11756587"},{"taxonomy":"post_tag","embeddable":true,"href":"https:\/\/bandfmcorumba.agoranoar.com.br\/index.php\/wp-json\/wp\/v2\/tags?post=11756587"}],"curies":[{"name":"wp","href":"https:\/\/api.w.org\/{rel}","templated":true}]}}