{"id":11756571,"date":"2026-07-24T13:34:26","date_gmt":"2026-07-24T17:34:26","guid":{"rendered":"https:\/\/grupopantanalms.com.br\/?p=11756571"},"modified":"2026-07-24T13:34:26","modified_gmt":"2026-07-24T17:34:26","slug":"ubs-simone-flores-abre-neste-sabado-e-amplia-vacinacao-e-atendimentos","status":"publish","type":"post","link":"https:\/\/bandfmcorumba.agoranoar.com.br\/index.php\/2026\/07\/24\/ubs-simone-flores-abre-neste-sabado-e-amplia-vacinacao-e-atendimentos\/","title":{"rendered":"UBS Simone Flores abre neste s\u00e1bado e amplia vacina\u00e7\u00e3o e atendimentos"},"content":{"rendered":"\n<p class=\"wp-block-paragraph\"><img loading=\"lazy\" decoding=\"async\" width=\"26\" height=\"26\" alt=\"Lucas Meirelles\" src=\"https:\/\/folhams.com.br\/wp-content\/uploads\/2026\/02\/lucas-meirelles-150x150.webp\">Por<a href=\"https:\/\/folhams.com.br\/author\/lucas-meirelles\/\">Lucas Meirelles<\/a>24 de julho de 2026<\/p>\n\n\n\n\n\n<p class=\"wp-block-paragraph\">A Unidade B\u00e1sica de Sa\u00fade Simone Flores abrir\u00e1 as portas neste s\u00e1bado para vacina\u00e7\u00e3o dirigida a toda a popula\u00e7\u00e3o, contemplando crian\u00e7as, adultos e idosos, com disponibilidade das vacinas previstas no Calend\u00e1rio Nacional de Vacina\u00e7\u00e3o, conforme a faixa et\u00e1ria e a situa\u00e7\u00e3o vacinal de cada pessoa.<\/p>\n\n\n\n<p class=\"wp-block-paragraph\">Para receber a imuniza\u00e7\u00e3o, \u00e9 necess\u00e1rio apresentar documento de identifica\u00e7\u00e3o e a carteira de vacina\u00e7\u00e3o, permitindo que a equipe de sa\u00fade avalie as doses j\u00e1 aplicadas e atualize o esquema vacinal, quando necess\u00e1rio.<\/p>\n\n\n\n<p class=\"wp-block-paragraph\">Al\u00e9m da campanha de vacina\u00e7\u00e3o, a unidade realizar\u00e1 exames de ultrassonografia para pacientes que j\u00e1 possuem agendamento pr\u00e9vio, e os atendimentos ocorrer\u00e3o conforme a programa\u00e7\u00e3o estabelecida pela Secretaria Municipal de Sa\u00fade.<\/p>\n\n\n\n<p class=\"wp-block-paragraph\">Os moradores da \u00e1rea de abrang\u00eancia da UBS Simone Flores tamb\u00e9m contar\u00e3o com atendimento odontol\u00f3gico, refor\u00e7ando a oferta de servi\u00e7os essenciais de sa\u00fade durante a a\u00e7\u00e3o.<\/p>\n\n\n\n<p class=\"wp-block-paragraph\">A Secretaria Municipal de Sa\u00fade destaca que manter a vacina\u00e7\u00e3o em dia \u00e9 uma das principais formas de prevenir doen\u00e7as e proteger toda a comunidade.<\/p>\n\n\n\n<p class=\"wp-block-paragraph\">A iniciativa busca ampliar o acesso aos servi\u00e7os de sa\u00fade e incentivar a popula\u00e7\u00e3o a atualizar a caderneta de vacina\u00e7\u00e3o, contribuindo para o controle de doen\u00e7as imunopreven\u00edveis.<\/p>\n","protected":false},"excerpt":{"rendered":"<p>PorLucas Meirelles24 de julho de 2026 A Unidade B\u00e1sica de Sa\u00fade Simone Flores abrir\u00e1 as portas neste s\u00e1bado para vacina\u00e7\u00e3o dirigida a toda a popula\u00e7\u00e3o, contemplando crian\u00e7as, adultos e idosos, com disponibilidade das vacinas previstas no Calend\u00e1rio Nacional de Vacina\u00e7\u00e3o, conforme a faixa et\u00e1ria e a situa\u00e7\u00e3o vacinal de cada pessoa. Para receber a imuniza\u00e7\u00e3o, [&hellip;]<\/p>\n","protected":false},"author":1,"featured_media":11756572,"comment_status":"closed","ping_status":"open","sticky":false,"template":"","format":"standard","meta":{"footnotes":""},"categories":[2],"tags":[],"class_list":["post-11756571","post","type-post","status-publish","format-standard","has-post-thumbnail","hentry","category-corumba"],"_links":{"self":[{"href":"https:\/\/bandfmcorumba.agoranoar.com.br\/index.php\/wp-json\/wp\/v2\/posts\/11756571","targetHints":{"allow":["GET"]}}],"collection":[{"href":"https:\/\/bandfmcorumba.agoranoar.com.br\/index.php\/wp-json\/wp\/v2\/posts"}],"about":[{"href":"https:\/\/bandfmcorumba.agoranoar.com.br\/index.php\/wp-json\/wp\/v2\/types\/post"}],"author":[{"embeddable":true,"href":"https:\/\/bandfmcorumba.agoranoar.com.br\/index.php\/wp-json\/wp\/v2\/users\/1"}],"replies":[{"embeddable":true,"href":"https:\/\/bandfmcorumba.agoranoar.com.br\/index.php\/wp-json\/wp\/v2\/comments?post=11756571"}],"version-history":[{"count":0,"href":"https:\/\/bandfmcorumba.agoranoar.com.br\/index.php\/wp-json\/wp\/v2\/posts\/11756571\/revisions"}],"wp:attachment":[{"href":"https:\/\/bandfmcorumba.agoranoar.com.br\/index.php\/wp-json\/wp\/v2\/media?parent=11756571"}],"wp:term":[{"taxonomy":"category","embeddable":true,"href":"https:\/\/bandfmcorumba.agoranoar.com.br\/index.php\/wp-json\/wp\/v2\/categories?post=11756571"},{"taxonomy":"post_tag","embeddable":true,"href":"https:\/\/bandfmcorumba.agoranoar.com.br\/index.php\/wp-json\/wp\/v2\/tags?post=11756571"}],"curies":[{"name":"wp","href":"https:\/\/api.w.org\/{rel}","templated":true}]}}