{"id":11756568,"date":"2026-07-24T13:01:46","date_gmt":"2026-07-24T17:01:46","guid":{"rendered":"https:\/\/grupopantanalms.com.br\/?p=11756568"},"modified":"2026-07-24T13:01:46","modified_gmt":"2026-07-24T17:01:46","slug":"mulheres-podem-comprar-e-usar-spray-de-pimenta-para-defesa-pessoal","status":"publish","type":"post","link":"https:\/\/bandfmcorumba.agoranoar.com.br\/index.php\/2026\/07\/24\/mulheres-podem-comprar-e-usar-spray-de-pimenta-para-defesa-pessoal\/","title":{"rendered":"Mulheres podem comprar e usar spray de pimenta para defesa pessoal"},"content":{"rendered":"\n<p class=\"wp-block-paragraph\"><strong>Ag\u00eancia Brasil<\/strong>&nbsp;em 24 de Julho de 2026<\/p>\n\n\n\n<p class=\"wp-block-paragraph\">Dan Race\/Adobe Stock<\/p>\n\n\n\n\n\n<p class=\"wp-block-paragraph\">Mulheres maiores de 18 anos poder\u00e3o&nbsp;<a href=\"https:\/\/agenciabrasil.ebc.com.br\/politica\/noticia\/2026-07\/spray-de-pimenta-para-mulher-e-medida-paliativa-diz-promotora\" target=\"_blank\" rel=\"noreferrer noopener\">adquirir e portar&nbsp;spray&nbsp;de pimenta&nbsp;<\/a>para fins de defesa pessoal em todo o territ\u00f3rio nacional. A medida est\u00e1 prevista na&nbsp;<a href=\"https:\/\/pesquisa.in.gov.br\/imprensa\/jsp\/visualiza\/index.jsp?data=24\/07\/2026&amp;jornal=515&amp;pagina=1&amp;totalArquivos=156\" target=\"_blank\" rel=\"noreferrer noopener\">Lei n\u00ba 15.474<\/a>, sancionada pela Presid\u00eancia da Rep\u00fablica e publicada nesta sexta-feira (24), no&nbsp;<a href=\"https:\/\/www.in.gov.br\/inicio\" target=\"_blank\" rel=\"noreferrer noopener\">Di\u00e1rio Oficial da Uni\u00e3o<\/a>.<\/p>\n\n\n\n<figure class=\"wp-block-image\"><img decoding=\"async\" src=\"https:\/\/agenciabrasil.ebc.com.br\/ebc.png?id=1697430&amp;o=node\" alt=\"\" \/><\/figure>\n\n\n\n<figure class=\"wp-block-image\"><img decoding=\"async\" src=\"https:\/\/agenciabrasil.ebc.com.br\/ebc.gif?id=1697430&amp;o=node\" alt=\"\" \/><\/figure>\n\n\n\n<p class=\"wp-block-paragraph\">A norma autoriza a comercializa\u00e7\u00e3o, a aquisi\u00e7\u00e3o e a posse desses dispositivos por mulheres adultas, desde que os produtos sejam aprovados pelos \u00f3rg\u00e3os competentes.<\/p>\n\n\n\n<p class=\"wp-block-paragraph\">O objetivo \u00e9 permitir que o equipamento seja usado para&nbsp;<a href=\"https:\/\/agenciabrasil.ebc.com.br\/tags\/violencia-contra-mulher-3\" target=\"_blank\" rel=\"noreferrer noopener\">conter temporariamente um agressor&nbsp;<\/a>em situa\u00e7\u00f5es de amea\u00e7a \u00e0 integridade f\u00edsica ou sexual.<\/p>\n\n\n\n<p class=\"wp-block-paragraph\">Pela lei, ser\u00e1 considerado aerossol de extratos vegetais o dispositivo port\u00e1til de menor potencial ofensivo que utilize&nbsp;spray&nbsp;de pimenta \u00e0 base de oleorresina de capsicum ou outros extratos vegetais autorizados.<\/p>\n\n\n\n<p class=\"wp-block-paragraph\">As especifica\u00e7\u00f5es t\u00e9cnicas, a capacidade dos recipientes, a concentra\u00e7\u00e3o das subst\u00e2ncias e os padr\u00f5es de seguran\u00e7a ser\u00e3o definidos posteriormente em regulamenta\u00e7\u00e3o do Poder Executivo.<\/p>\n\n\n\n<p class=\"wp-block-paragraph\">Na san\u00e7\u00e3o da lei, foi vetado o trecho do projeto que autorizava o uso da subst\u00e2ncia \u00e0s mulheres maiores de 16 (dezesseis) e menores de 18 (dezoito) anos, mediante autoriza\u00e7\u00e3o expressa de seu respons\u00e1vel legal.<\/p>\n\n\n\n<p class=\"wp-block-paragraph\">Assim, para comprar o produto, ser\u00e1 preciso comprovar ter pelo menos 18 anos, apresentar documento oficial com foto e comprovante de resid\u00eancia fixa, al\u00e9m de declarar n\u00e3o possuir condena\u00e7\u00e3o por crime doloso cometido com viol\u00eancia ou grave amea\u00e7a.<\/p>\n\n\n\n<p class=\"wp-block-paragraph\">Os estabelecimentos autorizados a vender o equipamento dever\u00e3o manter registros das vendas por cinco anos, observando as regras da&nbsp;<a href=\"https:\/\/www.gov.br\/mds\/pt-br\/acesso-a-informacao\/governanca\/integridade\/campanhas\/lgpd\" target=\"_blank\" rel=\"noreferrer noopener\">Lei Geral de Prote\u00e7\u00e3o de Dados (LGPD)<\/a>.<\/p>\n\n\n\n<p class=\"wp-block-paragraph\">Tamb\u00e9m ter\u00e3o de fornecer orienta\u00e7\u00f5es b\u00e1sicas sobre o uso correto do dispositivo e registrar as informa\u00e7\u00f5es da compradora em um banco de dados a ser criado pelo governo federal.<\/p>\n\n\n\n<p class=\"wp-block-paragraph\">A norma determina ainda que o&nbsp;spray&nbsp;ser\u00e1 de uso individual e intransfer\u00edvel e n\u00e3o poder\u00e1 conter subst\u00e2ncias letais ou de toxicidade permanente.<\/p>\n\n\n\n<p class=\"wp-block-paragraph\"><strong>Leg\u00edtima defesa<\/strong><\/p>\n\n\n\n<p class=\"wp-block-paragraph\">O uso do aerossol ser\u00e1 considerado l\u00edcito apenas em situa\u00e7\u00f5es de leg\u00edtima defesa, para repelir agress\u00e3o injusta, atual ou iminente, conforme previsto no C\u00f3digo Penal. A lei estabelece que a utiliza\u00e7\u00e3o deve ser proporcional \u00e0 amea\u00e7a e interrompida assim que o risco for neutralizado.<\/p>\n\n\n\n<p class=\"wp-block-paragraph\">O texto tamb\u00e9m restringe recipientes com capacidade superior a 50 mililitros.&nbsp;Esses produtos ser\u00e3o classificados como de uso restrito e destinados exclusivamente \u00e0s For\u00e7as Armadas, aos \u00f3rg\u00e3os de seguran\u00e7a p\u00fablica, \u00e0s guardas municipais e a institui\u00e7\u00f5es respons\u00e1veis pela prote\u00e7\u00e3o de autoridades e instala\u00e7\u00f5es governamentais.<\/p>\n\n\n\n<p class=\"wp-block-paragraph\"><strong>Capacita\u00e7\u00e3o<\/strong><\/p>\n\n\n\n<p class=\"wp-block-paragraph\">A legisla\u00e7\u00e3o cria ainda o Programa Nacional de Capacita\u00e7\u00e3o em Defesa Pessoal e Uso de Instrumentos de Menor Potencial Ofensivo para Mulheres.&nbsp;Entre as diretrizes da iniciativa est\u00e3o a orienta\u00e7\u00e3o sobre os limites legais da leg\u00edtima defesa, a divulga\u00e7\u00e3o de informa\u00e7\u00f5es sobre viol\u00eancia dom\u00e9stica e canais de den\u00fancia, al\u00e9m da promo\u00e7\u00e3o de campanhas educativas sobre o uso respons\u00e1vel do&nbsp;spray.<\/p>\n\n\n\n<p class=\"wp-block-paragraph\">Segundo a lei, a implementa\u00e7\u00e3o do programa ocorrer\u00e1 de forma gradual, conforme regulamenta\u00e7\u00e3o posterior do governo.<\/p>\n","protected":false},"excerpt":{"rendered":"<p>Ag\u00eancia Brasil&nbsp;em 24 de Julho de 2026 Dan Race\/Adobe Stock Mulheres maiores de 18 anos poder\u00e3o&nbsp;adquirir e portar&nbsp;spray&nbsp;de pimenta&nbsp;para fins de defesa pessoal em todo o territ\u00f3rio nacional. A medida est\u00e1 prevista na&nbsp;Lei n\u00ba 15.474, sancionada pela Presid\u00eancia da Rep\u00fablica e publicada nesta sexta-feira (24), no&nbsp;Di\u00e1rio Oficial da Uni\u00e3o. A norma autoriza a comercializa\u00e7\u00e3o, a [&hellip;]<\/p>\n","protected":false},"author":1,"featured_media":11756569,"comment_status":"closed","ping_status":"open","sticky":false,"template":"","format":"standard","meta":{"footnotes":""},"categories":[2,3],"tags":[],"class_list":["post-11756568","post","type-post","status-publish","format-standard","has-post-thumbnail","hentry","category-corumba","category-destaque"],"_links":{"self":[{"href":"https:\/\/bandfmcorumba.agoranoar.com.br\/index.php\/wp-json\/wp\/v2\/posts\/11756568","targetHints":{"allow":["GET"]}}],"collection":[{"href":"https:\/\/bandfmcorumba.agoranoar.com.br\/index.php\/wp-json\/wp\/v2\/posts"}],"about":[{"href":"https:\/\/bandfmcorumba.agoranoar.com.br\/index.php\/wp-json\/wp\/v2\/types\/post"}],"author":[{"embeddable":true,"href":"https:\/\/bandfmcorumba.agoranoar.com.br\/index.php\/wp-json\/wp\/v2\/users\/1"}],"replies":[{"embeddable":true,"href":"https:\/\/bandfmcorumba.agoranoar.com.br\/index.php\/wp-json\/wp\/v2\/comments?post=11756568"}],"version-history":[{"count":0,"href":"https:\/\/bandfmcorumba.agoranoar.com.br\/index.php\/wp-json\/wp\/v2\/posts\/11756568\/revisions"}],"wp:attachment":[{"href":"https:\/\/bandfmcorumba.agoranoar.com.br\/index.php\/wp-json\/wp\/v2\/media?parent=11756568"}],"wp:term":[{"taxonomy":"category","embeddable":true,"href":"https:\/\/bandfmcorumba.agoranoar.com.br\/index.php\/wp-json\/wp\/v2\/categories?post=11756568"},{"taxonomy":"post_tag","embeddable":true,"href":"https:\/\/bandfmcorumba.agoranoar.com.br\/index.php\/wp-json\/wp\/v2\/tags?post=11756568"}],"curies":[{"name":"wp","href":"https:\/\/api.w.org\/{rel}","templated":true}]}}