{"id":11756562,"date":"2026-07-24T08:30:18","date_gmt":"2026-07-24T12:30:18","guid":{"rendered":"https:\/\/grupopantanalms.com.br\/?p=11756562"},"modified":"2026-07-24T08:30:18","modified_gmt":"2026-07-24T12:30:18","slug":"idoso-e-resgatado-de-helicoptero-pela-marinha-apos-passar-mal-em-area-rural-de-corumba","status":"publish","type":"post","link":"https:\/\/bandfmcorumba.agoranoar.com.br\/index.php\/2026\/07\/24\/idoso-e-resgatado-de-helicoptero-pela-marinha-apos-passar-mal-em-area-rural-de-corumba\/","title":{"rendered":"Idoso \u00e9 resgatado de helic\u00f3ptero pela Marinha ap\u00f3s passar mal em \u00e1rea rural de Corumb\u00e1"},"content":{"rendered":"\n<p class=\"wp-block-paragraph\"><strong>Leonardo Cabral<\/strong>&nbsp;em 24 de Julho de 2026<\/p>\n\n\n\n<p class=\"wp-block-paragraph\">Divulga\u00e7\u00e3o\/Marinha do Brasil<\/p>\n\n\n\n\n\n<p class=\"wp-block-paragraph\">Um idoso de 77 anos foi resgatado pela Marinha do Brasil na tarde de quinta-feira (23), ap\u00f3s apresentar del\u00edrios, tontura e calafrios em uma propriedade localizada na Col\u00f4nia do Bracinho, a cerca de 140 quil\u00f4metros de Corumb\u00e1. Tamb\u00e9m diab\u00e9tico, ele precisou ser removido de helic\u00f3ptero.<\/p>\n\n\n\n<p class=\"wp-block-paragraph\">O resgate foi realizado ap\u00f3s solicita\u00e7\u00e3o de apoio do Corpo de Bombeiros Militar. A aeronave do 1\u00ba Esquadr\u00e3o de Helic\u00f3pteros de Emprego Geral do Oeste (EsqdHU-61), subordinado ao Comando do 6\u00ba Distrito Naval (Com6\u00baDN), foi deslocada at\u00e9 a Escola Municipal Rural Polo Sebasti\u00e3o Rolon, ponto de apoio para a opera\u00e7\u00e3o.<\/p>\n\n\n\n<p class=\"wp-block-paragraph\">Durante o transporte, o paciente recebeu acompanhamento de um m\u00e9dico do Hospital Naval de Lad\u00e1rio (HNLa). Ap\u00f3s o pouso na base do EsqdHU-61, uma ambul\u00e2ncia do Corpo de Bombeiros deu continuidade ao atendimento, encaminhando o idoso ao Pronto-Socorro de Corumb\u00e1.<\/p>\n\n\n\n<p class=\"wp-block-paragraph\">A Marinha do Brasil esclarece que o resgate de v\u00edtimas, feito por meio de Evacua\u00e7\u00e3o Aerom\u00e9dica (EVAM), empregando helic\u00f3pteros do Com6\u00baDN, \u00e9 uma a\u00e7\u00e3o de coopera\u00e7\u00e3o com o Corpo de Bombeiros e sua realiza\u00e7\u00e3o ocorre eventualmente em locais onde o acesso \u00e9 dif\u00edcil ou invi\u00e1vel via terrestre e em caso de comprovada emerg\u00eancia.<\/p>\n\n\n\n<p class=\"wp-block-paragraph\">O voo depende, ainda, de diversos fatores, como condi\u00e7\u00f5es meteorol\u00f3gicas, utiliza\u00e7\u00e3o da aeronave em per\u00edodo diurno, dist\u00e2ncia do sinistro, entre outros.<\/p>\n","protected":false},"excerpt":{"rendered":"<p>Leonardo Cabral&nbsp;em 24 de Julho de 2026 Divulga\u00e7\u00e3o\/Marinha do Brasil Um idoso de 77 anos foi resgatado pela Marinha do Brasil na tarde de quinta-feira (23), ap\u00f3s apresentar del\u00edrios, tontura e calafrios em uma propriedade localizada na Col\u00f4nia do Bracinho, a cerca de 140 quil\u00f4metros de Corumb\u00e1. Tamb\u00e9m diab\u00e9tico, ele precisou ser removido de helic\u00f3ptero. [&hellip;]<\/p>\n","protected":false},"author":1,"featured_media":11756563,"comment_status":"closed","ping_status":"open","sticky":false,"template":"","format":"standard","meta":{"footnotes":""},"categories":[2,3],"tags":[],"class_list":["post-11756562","post","type-post","status-publish","format-standard","has-post-thumbnail","hentry","category-corumba","category-destaque"],"_links":{"self":[{"href":"https:\/\/bandfmcorumba.agoranoar.com.br\/index.php\/wp-json\/wp\/v2\/posts\/11756562","targetHints":{"allow":["GET"]}}],"collection":[{"href":"https:\/\/bandfmcorumba.agoranoar.com.br\/index.php\/wp-json\/wp\/v2\/posts"}],"about":[{"href":"https:\/\/bandfmcorumba.agoranoar.com.br\/index.php\/wp-json\/wp\/v2\/types\/post"}],"author":[{"embeddable":true,"href":"https:\/\/bandfmcorumba.agoranoar.com.br\/index.php\/wp-json\/wp\/v2\/users\/1"}],"replies":[{"embeddable":true,"href":"https:\/\/bandfmcorumba.agoranoar.com.br\/index.php\/wp-json\/wp\/v2\/comments?post=11756562"}],"version-history":[{"count":0,"href":"https:\/\/bandfmcorumba.agoranoar.com.br\/index.php\/wp-json\/wp\/v2\/posts\/11756562\/revisions"}],"wp:attachment":[{"href":"https:\/\/bandfmcorumba.agoranoar.com.br\/index.php\/wp-json\/wp\/v2\/media?parent=11756562"}],"wp:term":[{"taxonomy":"category","embeddable":true,"href":"https:\/\/bandfmcorumba.agoranoar.com.br\/index.php\/wp-json\/wp\/v2\/categories?post=11756562"},{"taxonomy":"post_tag","embeddable":true,"href":"https:\/\/bandfmcorumba.agoranoar.com.br\/index.php\/wp-json\/wp\/v2\/tags?post=11756562"}],"curies":[{"name":"wp","href":"https:\/\/api.w.org\/{rel}","templated":true}]}}