{"id":11756552,"date":"2026-07-23T16:20:53","date_gmt":"2026-07-23T20:20:53","guid":{"rendered":"https:\/\/grupopantanalms.com.br\/?p=11756552"},"modified":"2026-07-23T16:20:53","modified_gmt":"2026-07-23T20:20:53","slug":"acao-conjunta-promove-atendimento-de-saude-a-comunidade-do-passo-do-lontra","status":"publish","type":"post","link":"https:\/\/bandfmcorumba.agoranoar.com.br\/index.php\/2026\/07\/23\/acao-conjunta-promove-atendimento-de-saude-a-comunidade-do-passo-do-lontra\/","title":{"rendered":"A\u00e7\u00e3o conjunta promove atendimento de sa\u00fade \u00e0 comunidade do Passo do Lontra"},"content":{"rendered":"\n<p class=\"wp-block-paragraph\"><strong>Rosana Nunes<\/strong>&nbsp;em 23 de Julho de 2026<\/p>\n\n\n\n\n\n<p class=\"wp-block-paragraph\">Em parceria com a Secretaria de Sa\u00fade de Corumb\u00e1, a Universidade Federal de Mato Grosso do Sul, por meio da Base de Estudos do Pantanal e do Projeto Sa\u00fade Pantaneira, realiza nos dias 25 e 26 de julho uma a\u00e7\u00e3o de promo\u00e7\u00e3o \u00e0 sa\u00fade no Passo do Lontra, voltada ao atendimento da popula\u00e7\u00e3o da regi\u00e3o.<\/p>\n\n\n\n<p class=\"wp-block-paragraph\">As atividades acontecer\u00e3o na Base de Estudos (UFMS) e contar\u00e3o com uma equipe multiprofissional, oferecendo diversos servi\u00e7os gratuitos.<\/p>\n\n\n\n<p class=\"wp-block-paragraph\">No s\u00e1bado, 25 de julho, das 9h \u00e0s 13h, ser\u00e3o disponibilizados: atendimento m\u00e9dico; atendimento de enfermagem; vacina\u00e7\u00e3o; dispensa\u00e7\u00e3o de medicamentos e testes r\u00e1pidos para Infec\u00e7\u00f5es Sexualmente Transmiss\u00edveis (ISTs).<\/p>\n\n\n\n<p class=\"wp-block-paragraph\">O atendimento odontol\u00f3gico ser\u00e1 realizado em hor\u00e1rio ampliado, das 7h30 \u00e0s 18h.<\/p>\n\n\n\n<p class=\"wp-block-paragraph\">J\u00e1 no domingo, 26 de julho, das 7h30 \u00e0s 11h, a programa\u00e7\u00e3o ser\u00e1 dedicada exclusivamente ao atendimento odontol\u00f3gico.<\/p>\n","protected":false},"excerpt":{"rendered":"<p>Rosana Nunes&nbsp;em 23 de Julho de 2026 Em parceria com a Secretaria de Sa\u00fade de Corumb\u00e1, a Universidade Federal de Mato Grosso do Sul, por meio da Base de Estudos do Pantanal e do Projeto Sa\u00fade Pantaneira, realiza nos dias 25 e 26 de julho uma a\u00e7\u00e3o de promo\u00e7\u00e3o \u00e0 sa\u00fade no Passo do Lontra, [&hellip;]<\/p>\n","protected":false},"author":1,"featured_media":11756553,"comment_status":"closed","ping_status":"open","sticky":false,"template":"","format":"standard","meta":{"footnotes":""},"categories":[2],"tags":[],"class_list":["post-11756552","post","type-post","status-publish","format-standard","has-post-thumbnail","hentry","category-corumba"],"_links":{"self":[{"href":"https:\/\/bandfmcorumba.agoranoar.com.br\/index.php\/wp-json\/wp\/v2\/posts\/11756552","targetHints":{"allow":["GET"]}}],"collection":[{"href":"https:\/\/bandfmcorumba.agoranoar.com.br\/index.php\/wp-json\/wp\/v2\/posts"}],"about":[{"href":"https:\/\/bandfmcorumba.agoranoar.com.br\/index.php\/wp-json\/wp\/v2\/types\/post"}],"author":[{"embeddable":true,"href":"https:\/\/bandfmcorumba.agoranoar.com.br\/index.php\/wp-json\/wp\/v2\/users\/1"}],"replies":[{"embeddable":true,"href":"https:\/\/bandfmcorumba.agoranoar.com.br\/index.php\/wp-json\/wp\/v2\/comments?post=11756552"}],"version-history":[{"count":0,"href":"https:\/\/bandfmcorumba.agoranoar.com.br\/index.php\/wp-json\/wp\/v2\/posts\/11756552\/revisions"}],"wp:attachment":[{"href":"https:\/\/bandfmcorumba.agoranoar.com.br\/index.php\/wp-json\/wp\/v2\/media?parent=11756552"}],"wp:term":[{"taxonomy":"category","embeddable":true,"href":"https:\/\/bandfmcorumba.agoranoar.com.br\/index.php\/wp-json\/wp\/v2\/categories?post=11756552"},{"taxonomy":"post_tag","embeddable":true,"href":"https:\/\/bandfmcorumba.agoranoar.com.br\/index.php\/wp-json\/wp\/v2\/tags?post=11756552"}],"curies":[{"name":"wp","href":"https:\/\/api.w.org\/{rel}","templated":true}]}}