{"id":11756549,"date":"2026-07-23T15:54:57","date_gmt":"2026-07-23T19:54:57","guid":{"rendered":"https:\/\/grupopantanalms.com.br\/?p=11756549"},"modified":"2026-07-23T15:54:57","modified_gmt":"2026-07-23T19:54:57","slug":"receita-federal-diz-que-reteve-carga-de-madeira-com-base-em-alerta-internacional","status":"publish","type":"post","link":"https:\/\/bandfmcorumba.agoranoar.com.br\/index.php\/2026\/07\/23\/receita-federal-diz-que-reteve-carga-de-madeira-com-base-em-alerta-internacional\/","title":{"rendered":"Receita Federal diz que reteve carga de madeira com base em alerta internacional"},"content":{"rendered":"\n<p class=\"wp-block-paragraph\"><strong>Rosana Nunes<\/strong>&nbsp;em 23 de Julho de 2026<\/p>\n\n\n\n<p class=\"wp-block-paragraph\">Reprodu\u00e7\u00e3o\/Laudo da PF<\/p>\n\n\n\n\n\n<p class=\"wp-block-paragraph\">A Receita Federal informou que a reten\u00e7\u00e3o cautelar da carga de madeira investigada na&nbsp;<em>Opera\u00e7\u00e3o Timber Shield&nbsp;<\/em>foi motivada por informa\u00e7\u00f5es de intelig\u00eancia compartilhadas pela Drug Enforcement Administration (DEA), dos Estados Unidos, e pela For\u00e7a Especial de Luta Contra o Narcotr\u00e1fico (FELCN), da Bol\u00edvia, que apontavam &#8220;fortes ind\u00edcios de poss\u00edvel contamina\u00e7\u00e3o da mercadoria com coca\u00edna&#8221;.<\/p>\n\n\n\n<p class=\"wp-block-paragraph\">A manifesta\u00e7\u00e3o foi divulgada um dia ap\u00f3s a Pol\u00edcia Federal informar que os exames periciais realizados em Corumb\u00e1 descartaram a presen\u00e7a de coca\u00edna em todas as amostras analisadas, contrariando a suspeita que levou \u00e0 reten\u00e7\u00e3o da carga e \u00e0 divulga\u00e7\u00e3o do caso como uma poss\u00edvel apreens\u00e3o recorde de droga.<\/p>\n\n\n\n<p class=\"wp-block-paragraph\">Segundo a Receita, a reten\u00e7\u00e3o ocorreu ap\u00f3s autoridades bolivianas manifestarem interesse no retorno da carga ao territ\u00f3rio daquele pa\u00eds para a realiza\u00e7\u00e3o de medidas de controle. O \u00f3rg\u00e3o classificou a situa\u00e7\u00e3o como &#8220;incomum&#8221;, por envolver uma carga que j\u00e1 havia ingressado em recinto aduaneiro brasileiro.<\/p>\n\n\n\n<p class=\"wp-block-paragraph\">Por meio de nota, a Receita informou ainda que, durante a fiscaliza\u00e7\u00e3o, foram realizados narcotestes preliminares por servidores do \u00f3rg\u00e3o e pela FELCN. De acordo com o \u00f3rg\u00e3o, &#8220;os resultados apresentaram rea\u00e7\u00e3o indicativa da poss\u00edvel presen\u00e7a de cloridrato de coca\u00edna&#8221;. Mas ressaltou, por\u00e9m, que &#8220;esses testes t\u00eam car\u00e1ter preliminar e n\u00e3o substituem os exames periciais realizados em laborat\u00f3rio&#8221;.<\/p>\n\n\n\n<p class=\"wp-block-paragraph\">Com base nas informa\u00e7\u00f5es de intelig\u00eancia e nos resultados dos testes iniciais, a Receita disse que &#8220;procedeu \u00e0 reten\u00e7\u00e3o cautelar da carga e comunicou imediatamente o fato \u00e0 Pol\u00edcia Federal, para a ado\u00e7\u00e3o das medidas investigativas e periciais cab\u00edveis&#8221;.<\/p>\n\n\n\n<p class=\"wp-block-paragraph\"><strong>Carga continua retida<\/strong><\/p>\n\n\n\n<p class=\"wp-block-paragraph\">Em rela\u00e7\u00e3o ao laudo da Pol\u00edcia Federal, a Receita confirmou ter recebido, nesta quinta-feira, 23 de julho, comunica\u00e7\u00e3o informando que &#8220;todas as amostras analisadas apresentaram resultado negativo para coca\u00edna, bem como para outras subst\u00e2ncias de interesse forense, consideradas as t\u00e9cnicas e metodologias aplicadas&#8221;.<\/p>\n\n\n\n<p class=\"wp-block-paragraph\">Apesar disso, o \u00f3rg\u00e3o destacou que &#8220;a apura\u00e7\u00e3o, contudo, ainda n\u00e3o foi conclu\u00edda&#8221;. Segundo a Receita, ainda s\u00e3o aguardados laudos do Instituto Nacional de Criminal\u00edstica, enquanto a Pol\u00edcia Federal instaurou inqu\u00e9rito para dar continuidade \u00e0s dilig\u00eancias, &#8220;com ci\u00eancia ao Minist\u00e9rio P\u00fablico Federal e \u00e0 Receita Federal&#8221;.<\/p>\n\n\n\n<p class=\"wp-block-paragraph\">Por esse motivo, a carga continua retida. A nota relata que a Receita, a Pol\u00edcia Federal e o Minist\u00e9rio P\u00fablico Federal &#8220;realizar\u00e3o reuni\u00f5es para avaliar o andamento do caso e definir as provid\u00eancias cab\u00edveis, respeitadas as atribui\u00e7\u00f5es de cada institui\u00e7\u00e3o&#8221;.<\/p>\n\n\n\n<p class=\"wp-block-paragraph\">O \u00f3rg\u00e3o acrescentou que &#8220;a eventual libera\u00e7\u00e3o da mercadoria depender\u00e1 da conclus\u00e3o das an\u00e1lises e dos procedimentos ainda pendentes, bem como da verifica\u00e7\u00e3o de que n\u00e3o existem outras irregularidades que impe\u00e7am o regular prosseguimento da opera\u00e7\u00e3o aduaneira&#8221;.<\/p>\n\n\n\n<p class=\"wp-block-paragraph\">Sobre os custos de armazenagem, a Receita esclareceu que eventual pedido de ressarcimento &#8220;poder\u00e1 ser apresentado pelos meios administrativos pr\u00f3prios&#8221;, mas ressaltou que o requerimento depender\u00e1 da an\u00e1lise do caso concreto e que &#8220;n\u00e3o h\u00e1 reconhecimento autom\u00e1tico do direito ao ressarcimento&#8221;.<\/p>\n\n\n\n<p class=\"wp-block-paragraph\">Na parte final da nota, a Receita Federal sustentou que &#8220;a reten\u00e7\u00e3o teve natureza cautelar e foi adotada diante de informa\u00e7\u00f5es de intelig\u00eancia fornecidas por organismos internacionais especializados e de resultados obtidos em testes preliminares&#8221;. O \u00f3rg\u00e3o afirmou ainda que &#8220;a atua\u00e7\u00e3o observou os procedimentos de controle e seguran\u00e7a aplic\u00e1veis, com o imediato acionamento da Pol\u00edcia Federal para a realiza\u00e7\u00e3o das investiga\u00e7\u00f5es e per\u00edcias necess\u00e1rias&#8221;.<\/p>\n\n\n\n<p class=\"wp-block-paragraph\">A investiga\u00e7\u00e3o teve in\u00edcio ap\u00f3s a Receita Federal anunciar, em 21 de junho, a reten\u00e7\u00e3o de cargas de madeira em Mato Grosso do Sul e Mato Grosso sob suspeita de estarem impregnadas com coca\u00edna l\u00edquida. A a\u00e7\u00e3o integrou a Opera\u00e7\u00e3o Timber Shield, conduzida por autoridades brasileiras, norte-americanas e bolivianas para apurar uma poss\u00edvel nova modalidade de tr\u00e1fico internacional de drogas.<\/p>\n\n\n\n<p class=\"wp-block-paragraph\"><em>Com informa\u00e7\u00f5es do portal Campo Grande News.<\/em><\/p>\n","protected":false},"excerpt":{"rendered":"<p>Rosana Nunes&nbsp;em 23 de Julho de 2026 Reprodu\u00e7\u00e3o\/Laudo da PF A Receita Federal informou que a reten\u00e7\u00e3o cautelar da carga de madeira investigada na&nbsp;Opera\u00e7\u00e3o Timber Shield&nbsp;foi motivada por informa\u00e7\u00f5es de intelig\u00eancia compartilhadas pela Drug Enforcement Administration (DEA), dos Estados Unidos, e pela For\u00e7a Especial de Luta Contra o Narcotr\u00e1fico (FELCN), da Bol\u00edvia, que apontavam &#8220;fortes [&hellip;]<\/p>\n","protected":false},"author":1,"featured_media":11756550,"comment_status":"closed","ping_status":"open","sticky":false,"template":"","format":"standard","meta":{"footnotes":""},"categories":[2],"tags":[],"class_list":["post-11756549","post","type-post","status-publish","format-standard","has-post-thumbnail","hentry","category-corumba"],"_links":{"self":[{"href":"https:\/\/bandfmcorumba.agoranoar.com.br\/index.php\/wp-json\/wp\/v2\/posts\/11756549","targetHints":{"allow":["GET"]}}],"collection":[{"href":"https:\/\/bandfmcorumba.agoranoar.com.br\/index.php\/wp-json\/wp\/v2\/posts"}],"about":[{"href":"https:\/\/bandfmcorumba.agoranoar.com.br\/index.php\/wp-json\/wp\/v2\/types\/post"}],"author":[{"embeddable":true,"href":"https:\/\/bandfmcorumba.agoranoar.com.br\/index.php\/wp-json\/wp\/v2\/users\/1"}],"replies":[{"embeddable":true,"href":"https:\/\/bandfmcorumba.agoranoar.com.br\/index.php\/wp-json\/wp\/v2\/comments?post=11756549"}],"version-history":[{"count":0,"href":"https:\/\/bandfmcorumba.agoranoar.com.br\/index.php\/wp-json\/wp\/v2\/posts\/11756549\/revisions"}],"wp:attachment":[{"href":"https:\/\/bandfmcorumba.agoranoar.com.br\/index.php\/wp-json\/wp\/v2\/media?parent=11756549"}],"wp:term":[{"taxonomy":"category","embeddable":true,"href":"https:\/\/bandfmcorumba.agoranoar.com.br\/index.php\/wp-json\/wp\/v2\/categories?post=11756549"},{"taxonomy":"post_tag","embeddable":true,"href":"https:\/\/bandfmcorumba.agoranoar.com.br\/index.php\/wp-json\/wp\/v2\/tags?post=11756549"}],"curies":[{"name":"wp","href":"https:\/\/api.w.org\/{rel}","templated":true}]}}