{"id":11756546,"date":"2026-07-23T14:40:51","date_gmt":"2026-07-23T18:40:51","guid":{"rendered":"https:\/\/grupopantanalms.com.br\/?p=11756546"},"modified":"2026-07-23T14:40:51","modified_gmt":"2026-07-23T18:40:51","slug":"corumba-registra-alta-circulacao-de-virus-respiratorios-rinovirus-e-influenza-a-lideram-casos","status":"publish","type":"post","link":"https:\/\/bandfmcorumba.agoranoar.com.br\/index.php\/2026\/07\/23\/corumba-registra-alta-circulacao-de-virus-respiratorios-rinovirus-e-influenza-a-lideram-casos\/","title":{"rendered":"Corumb\u00e1 registra alta circula\u00e7\u00e3o de v\u00edrus respirat\u00f3rios; rinov\u00edrus e Influenza A lideram casos"},"content":{"rendered":"\n<p class=\"wp-block-paragraph\"><strong>Rosana Nunes<\/strong>&nbsp;em 23 de Julho de 2026<\/p>\n\n\n\n<p class=\"wp-block-paragraph\">Anderson Gallo\/Arquivo Di\u00e1rio Corumbaense<\/p>\n\n\n\n\n\n<p class=\"wp-block-paragraph\">A Secretaria de Sa\u00fade de Corumb\u00e1, por meio do Centro de Informa\u00e7\u00f5es Estrat\u00e9gicas em Vigil\u00e2ncia em Sa\u00fade (CIEVS Fronteira), emitiu um alerta sobre o aumento da circula\u00e7\u00e3o de v\u00edrus respirat\u00f3rios no munic\u00edpio. Os dados, referentes \u00e0 Semana Epidemiol\u00f3gica 27 de 2026, foram levantados pela Unidade Sentinela de S\u00edndrome Gripal e apontam um cen\u00e1rio de intensa transmiss\u00e3o de diferentes agentes causadores de infec\u00e7\u00f5es respirat\u00f3rias.<\/p>\n\n\n\n<p class=\"wp-block-paragraph\">Das 369 amostras analisadas, 227 tiveram resultado positivo para v\u00edrus respirat\u00f3rios, o equivalente a uma taxa de positividade de 61,5%. Outras 142 amostras apresentaram resultado negativo.<\/p>\n\n\n\n<p class=\"wp-block-paragraph\">O rinov\u00edrus foi o agente mais identificado, com 86 casos confirmados, seguido pela Influenza A (H3), com 70 registros. Tamb\u00e9m foram detectados 35 casos de Influenza B, 20 de metapneumov\u00edrus e ocorr\u00eancias do V\u00edrus Sincicial Respirat\u00f3rio (VSR), evidenciando a circula\u00e7\u00e3o simult\u00e2nea de diversos v\u00edrus no munic\u00edpio.<\/p>\n\n\n\n<p class=\"wp-block-paragraph\">Segundo o boletim epidemiol\u00f3gico, as crian\u00e7as de 0 a 4 anos concentram o maior n\u00famero de casos, o que refor\u00e7a a necessidade de aten\u00e7\u00e3o redobrada \u00e0 preven\u00e7\u00e3o e ao acompanhamento dos sintomas nesse grupo et\u00e1rio.<\/p>\n\n\n\n<p class=\"wp-block-paragraph\">Os sintomas mais comuns das infec\u00e7\u00f5es respirat\u00f3rias incluem febre, tosse, coriza, dor de garganta, congest\u00e3o nasal, dores musculares, dor de cabe\u00e7a, cansa\u00e7o, chiado no peito e falta de ar. A Secretaria de Sa\u00fade orienta que a popula\u00e7\u00e3o procure atendimento m\u00e9dico diante da persist\u00eancia ou agravamento dos sintomas, principalmente no caso de crian\u00e7as, idosos, gestantes e pessoas com doen\u00e7as cr\u00f4nicas.<\/p>\n\n\n\n<p class=\"wp-block-paragraph\"><strong>Preven\u00e7\u00e3o<\/strong><\/p>\n\n\n\n<p class=\"wp-block-paragraph\">A Vigil\u00e2ncia Epidemiol\u00f3gica refor\u00e7a que a preven\u00e7\u00e3o continua sendo a principal estrat\u00e9gia para reduzir a transmiss\u00e3o dos v\u00edrus respirat\u00f3rios. Entre as recomenda\u00e7\u00f5es est\u00e3o a higieniza\u00e7\u00e3o frequente das m\u00e3os, evitar contato com pessoas doentes, cobrir nariz e boca ao tossir ou espirrar, utilizar m\u00e1scara ao apresentar sintomas respirat\u00f3rios e manter os ambientes bem ventilados.<\/p>\n\n\n\n<p class=\"wp-block-paragraph\">O \u00f3rg\u00e3o tamb\u00e9m destaca a import\u00e2ncia de manter a vacina\u00e7\u00e3o em dia, especialmente contra a influenza e a Covid-19, al\u00e9m das vacinas indicadas para grupos espec\u00edficos, como a pneumoc\u00f3cica 20-valente e a imuniza\u00e7\u00e3o contra o V\u00edrus Sincicial Respirat\u00f3rio destinada a gestantes e crian\u00e7as prematuras.<\/p>\n\n\n\n<p class=\"wp-block-paragraph\">A Secretaria Municipal de Sa\u00fade informa que os servi\u00e7os de sa\u00fade seguem monitorando a circula\u00e7\u00e3o dos v\u00edrus respirat\u00f3rios, com intensifica\u00e7\u00e3o da identifica\u00e7\u00e3o precoce dos casos, coleta de amostras, notifica\u00e7\u00e3o e a\u00e7\u00f5es de preven\u00e7\u00e3o e controle, priorizando a prote\u00e7\u00e3o de crian\u00e7as, gestantes, idosos e pessoas com comorbidades.<\/p>\n\n\n\n<p class=\"wp-block-paragraph\">O boletim completo da Semana Epidemiol\u00f3gica 27 est\u00e1 dispon\u00edvel no endere\u00e7o:&nbsp;<a href=\"https:\/\/mapasaude.corumba.ms.gov.br\/vigilancia\/sindromegripal\"><strong>https:\/\/mapasaude.corumba.ms.gov.br\/vigilancia\/sindromegripal<\/strong><\/a>.<\/p>\n\n\n\n<p class=\"wp-block-paragraph\"><em>Com informa\u00e7\u00f5es da Assessoria de Comunica\u00e7\u00e3o da PMC.<\/em><\/p>\n","protected":false},"excerpt":{"rendered":"<p>Rosana Nunes&nbsp;em 23 de Julho de 2026 Anderson Gallo\/Arquivo Di\u00e1rio Corumbaense A Secretaria de Sa\u00fade de Corumb\u00e1, por meio do Centro de Informa\u00e7\u00f5es Estrat\u00e9gicas em Vigil\u00e2ncia em Sa\u00fade (CIEVS Fronteira), emitiu um alerta sobre o aumento da circula\u00e7\u00e3o de v\u00edrus respirat\u00f3rios no munic\u00edpio. Os dados, referentes \u00e0 Semana Epidemiol\u00f3gica 27 de 2026, foram levantados pela [&hellip;]<\/p>\n","protected":false},"author":1,"featured_media":11756547,"comment_status":"closed","ping_status":"open","sticky":false,"template":"","format":"standard","meta":{"footnotes":""},"categories":[2,3],"tags":[],"class_list":["post-11756546","post","type-post","status-publish","format-standard","has-post-thumbnail","hentry","category-corumba","category-destaque"],"_links":{"self":[{"href":"https:\/\/bandfmcorumba.agoranoar.com.br\/index.php\/wp-json\/wp\/v2\/posts\/11756546","targetHints":{"allow":["GET"]}}],"collection":[{"href":"https:\/\/bandfmcorumba.agoranoar.com.br\/index.php\/wp-json\/wp\/v2\/posts"}],"about":[{"href":"https:\/\/bandfmcorumba.agoranoar.com.br\/index.php\/wp-json\/wp\/v2\/types\/post"}],"author":[{"embeddable":true,"href":"https:\/\/bandfmcorumba.agoranoar.com.br\/index.php\/wp-json\/wp\/v2\/users\/1"}],"replies":[{"embeddable":true,"href":"https:\/\/bandfmcorumba.agoranoar.com.br\/index.php\/wp-json\/wp\/v2\/comments?post=11756546"}],"version-history":[{"count":0,"href":"https:\/\/bandfmcorumba.agoranoar.com.br\/index.php\/wp-json\/wp\/v2\/posts\/11756546\/revisions"}],"wp:attachment":[{"href":"https:\/\/bandfmcorumba.agoranoar.com.br\/index.php\/wp-json\/wp\/v2\/media?parent=11756546"}],"wp:term":[{"taxonomy":"category","embeddable":true,"href":"https:\/\/bandfmcorumba.agoranoar.com.br\/index.php\/wp-json\/wp\/v2\/categories?post=11756546"},{"taxonomy":"post_tag","embeddable":true,"href":"https:\/\/bandfmcorumba.agoranoar.com.br\/index.php\/wp-json\/wp\/v2\/tags?post=11756546"}],"curies":[{"name":"wp","href":"https:\/\/api.w.org\/{rel}","templated":true}]}}