{"id":11756543,"date":"2026-07-23T10:34:56","date_gmt":"2026-07-23T14:34:56","guid":{"rendered":"https:\/\/grupopantanalms.com.br\/?p=11756543"},"modified":"2026-07-23T10:34:56","modified_gmt":"2026-07-23T14:34:56","slug":"homem-furta-saco-de-racao-foge-e-acaba-detido-pelos-bombeiros-ao-tentar-se-esconder-em-cemiterio","status":"publish","type":"post","link":"https:\/\/bandfmcorumba.agoranoar.com.br\/index.php\/2026\/07\/23\/homem-furta-saco-de-racao-foge-e-acaba-detido-pelos-bombeiros-ao-tentar-se-esconder-em-cemiterio\/","title":{"rendered":"Homem furta saco de ra\u00e7\u00e3o, foge e acaba detido pelos Bombeiros ao tentar se esconder em cemit\u00e9rio"},"content":{"rendered":"\n<p class=\"wp-block-paragraph\"><strong>Leonardo Cabral<\/strong>&nbsp;em 23 de Julho de 2026<\/p>\n\n\n\n<p class=\"wp-block-paragraph\">Divulga\u00e7\u00e3o\/ Bombeiros<\/p>\n\n\n\n\n\n<p class=\"wp-block-paragraph\">Uma situa\u00e7\u00e3o inusitada terminou com a pris\u00e3o de um homem de 31 anos na tarde de quarta-feira (22), em Corumb\u00e1. Ap\u00f3s furtar um saco de ra\u00e7\u00e3o de 10 quilos de um estabelecimento comercial, o autor tentou escapar entrando no Cemit\u00e9rio Santa Cruz, onde foi detido por uma guarni\u00e7\u00e3o de resgate do Corpo de Bombeiros Militar.<\/p>\n\n\n\n<p class=\"wp-block-paragraph\">A equipe seguia pela rua Luiz Feitosa Rodrigues, nas proximidades da Delegacia de Pol\u00edcia Civil, por volta das 16h30, quando foi abordada por dois jovens que relataram o furto. Segundo eles, o homem havia acabado de furtar um saco de ra\u00e7\u00e3o de uma loja localizada na rua Vinte e Um de Setembro, nos fundos do cemit\u00e9rio, e fugia em dire\u00e7\u00e3o ao local.<\/p>\n\n\n\n<p class=\"wp-block-paragraph\">Durante a fuga, o homem abandonou o saco de ra\u00e7\u00e3o na via p\u00fablica e entrou no Cemit\u00e9rio Santa Cruz na tentativa de se esconder. Ap\u00f3s buscas, ele foi encontrado e detido.&nbsp;<\/p>\n\n\n\n<p class=\"wp-block-paragraph\">A propriet\u00e1ria do estabelecimento informou que o indiv\u00edduo \u00e9 conhecido por praticar furtos recorrentes na regi\u00e3o. De acordo com ela, esta teria sido a quinta vez que o homem utilizou o mesmo modo de a\u00e7\u00e3o para furtar produtos do com\u00e9rcio.<\/p>\n\n\n\n<p class=\"wp-block-paragraph\">O autor, a v\u00edtima, uma testemunha e o produto recuperado foram encaminhados \u00e0 Delegacia de Pol\u00edcia Civil.<\/p>\n","protected":false},"excerpt":{"rendered":"<p>Leonardo Cabral&nbsp;em 23 de Julho de 2026 Divulga\u00e7\u00e3o\/ Bombeiros Uma situa\u00e7\u00e3o inusitada terminou com a pris\u00e3o de um homem de 31 anos na tarde de quarta-feira (22), em Corumb\u00e1. Ap\u00f3s furtar um saco de ra\u00e7\u00e3o de 10 quilos de um estabelecimento comercial, o autor tentou escapar entrando no Cemit\u00e9rio Santa Cruz, onde foi detido por [&hellip;]<\/p>\n","protected":false},"author":1,"featured_media":11756544,"comment_status":"closed","ping_status":"open","sticky":false,"template":"","format":"standard","meta":{"footnotes":""},"categories":[2],"tags":[],"class_list":["post-11756543","post","type-post","status-publish","format-standard","has-post-thumbnail","hentry","category-corumba"],"_links":{"self":[{"href":"https:\/\/bandfmcorumba.agoranoar.com.br\/index.php\/wp-json\/wp\/v2\/posts\/11756543","targetHints":{"allow":["GET"]}}],"collection":[{"href":"https:\/\/bandfmcorumba.agoranoar.com.br\/index.php\/wp-json\/wp\/v2\/posts"}],"about":[{"href":"https:\/\/bandfmcorumba.agoranoar.com.br\/index.php\/wp-json\/wp\/v2\/types\/post"}],"author":[{"embeddable":true,"href":"https:\/\/bandfmcorumba.agoranoar.com.br\/index.php\/wp-json\/wp\/v2\/users\/1"}],"replies":[{"embeddable":true,"href":"https:\/\/bandfmcorumba.agoranoar.com.br\/index.php\/wp-json\/wp\/v2\/comments?post=11756543"}],"version-history":[{"count":0,"href":"https:\/\/bandfmcorumba.agoranoar.com.br\/index.php\/wp-json\/wp\/v2\/posts\/11756543\/revisions"}],"wp:attachment":[{"href":"https:\/\/bandfmcorumba.agoranoar.com.br\/index.php\/wp-json\/wp\/v2\/media?parent=11756543"}],"wp:term":[{"taxonomy":"category","embeddable":true,"href":"https:\/\/bandfmcorumba.agoranoar.com.br\/index.php\/wp-json\/wp\/v2\/categories?post=11756543"},{"taxonomy":"post_tag","embeddable":true,"href":"https:\/\/bandfmcorumba.agoranoar.com.br\/index.php\/wp-json\/wp\/v2\/tags?post=11756543"}],"curies":[{"name":"wp","href":"https:\/\/api.w.org\/{rel}","templated":true}]}}