{"id":11756540,"date":"2026-07-23T10:22:08","date_gmt":"2026-07-23T14:22:08","guid":{"rendered":"https:\/\/grupopantanalms.com.br\/?p=11756540"},"modified":"2026-07-23T10:22:08","modified_gmt":"2026-07-23T14:22:08","slug":"incendio-em-aterro-sanitario-mobiliza-corpo-de-bombeiros-em-corumba","status":"publish","type":"post","link":"https:\/\/bandfmcorumba.agoranoar.com.br\/index.php\/2026\/07\/23\/incendio-em-aterro-sanitario-mobiliza-corpo-de-bombeiros-em-corumba\/","title":{"rendered":"Inc\u00eandio em aterro sanit\u00e1rio mobiliza Corpo de Bombeiros em Corumb\u00e1"},"content":{"rendered":"\n<p class=\"wp-block-paragraph\"><strong>Leonardo Cabral<\/strong>&nbsp;em 23 de Julho de 2026<\/p>\n\n\n\n<p class=\"wp-block-paragraph\">Divulga\u00e7\u00e3o\/Corpo de Bombeiros Militar<\/p>\n\n\n\n\n\n<p class=\"wp-block-paragraph\">O Corpo de Bombeiros Militar controlou, na noite desta quarta-feira (22), um inc\u00eandio de grandes propor\u00e7\u00f5es que atingiu o aterro sanit\u00e1rio de Corumb\u00e1. A ocorr\u00eancia foi registrada por volta das 19h40.<\/p>\n\n\n\n<p class=\"wp-block-paragraph\">Ao chegarem ao local, os militares encontraram diversos focos de inc\u00eandio espalhados sobre o ac\u00famulo de res\u00edduos s\u00f3lidos, com chamas intensas e risco de propaga\u00e7\u00e3o.&nbsp;<\/p>\n\n\n\n<p class=\"wp-block-paragraph\">Em raz\u00e3o da extens\u00e3o do inc\u00eandio e da complexidade da ocorr\u00eancia, foi necess\u00e1rio refor\u00e7ar a opera\u00e7\u00e3o com bombeiros que atuam no combate aos inc\u00eandios florestais no Pantanal. Al\u00e9m do caminh\u00e3o de combate a inc\u00eandio da corpora\u00e7\u00e3o, um caminh\u00e3o-pipa da empresa respons\u00e1vel pela administra\u00e7\u00e3o do aterro deu suporte \u00e0s a\u00e7\u00f5es de resfriamento e extin\u00e7\u00e3o das chamas.<\/p>\n\n\n\n<p class=\"wp-block-paragraph\">Ap\u00f3s cerca de duas horas de trabalho, o inc\u00eandio foi controlado. Segundo a Central de Opera\u00e7\u00f5es do 3\u00ba GBM, permaneceu apenas uma pequena emiss\u00e3o de fuma\u00e7a no local, causada pela queima lenta dos gases produzidos pela decomposi\u00e7\u00e3o dos res\u00edduos s\u00f3lidos, uma caracter\u00edstica comum em inc\u00eandios desse tipo.&nbsp;<\/p>\n","protected":false},"excerpt":{"rendered":"<p>Leonardo Cabral&nbsp;em 23 de Julho de 2026 Divulga\u00e7\u00e3o\/Corpo de Bombeiros Militar O Corpo de Bombeiros Militar controlou, na noite desta quarta-feira (22), um inc\u00eandio de grandes propor\u00e7\u00f5es que atingiu o aterro sanit\u00e1rio de Corumb\u00e1. A ocorr\u00eancia foi registrada por volta das 19h40. Ao chegarem ao local, os militares encontraram diversos focos de inc\u00eandio espalhados sobre [&hellip;]<\/p>\n","protected":false},"author":1,"featured_media":11756541,"comment_status":"closed","ping_status":"open","sticky":false,"template":"","format":"standard","meta":{"footnotes":""},"categories":[2],"tags":[],"class_list":["post-11756540","post","type-post","status-publish","format-standard","has-post-thumbnail","hentry","category-corumba"],"_links":{"self":[{"href":"https:\/\/bandfmcorumba.agoranoar.com.br\/index.php\/wp-json\/wp\/v2\/posts\/11756540","targetHints":{"allow":["GET"]}}],"collection":[{"href":"https:\/\/bandfmcorumba.agoranoar.com.br\/index.php\/wp-json\/wp\/v2\/posts"}],"about":[{"href":"https:\/\/bandfmcorumba.agoranoar.com.br\/index.php\/wp-json\/wp\/v2\/types\/post"}],"author":[{"embeddable":true,"href":"https:\/\/bandfmcorumba.agoranoar.com.br\/index.php\/wp-json\/wp\/v2\/users\/1"}],"replies":[{"embeddable":true,"href":"https:\/\/bandfmcorumba.agoranoar.com.br\/index.php\/wp-json\/wp\/v2\/comments?post=11756540"}],"version-history":[{"count":0,"href":"https:\/\/bandfmcorumba.agoranoar.com.br\/index.php\/wp-json\/wp\/v2\/posts\/11756540\/revisions"}],"wp:attachment":[{"href":"https:\/\/bandfmcorumba.agoranoar.com.br\/index.php\/wp-json\/wp\/v2\/media?parent=11756540"}],"wp:term":[{"taxonomy":"category","embeddable":true,"href":"https:\/\/bandfmcorumba.agoranoar.com.br\/index.php\/wp-json\/wp\/v2\/categories?post=11756540"},{"taxonomy":"post_tag","embeddable":true,"href":"https:\/\/bandfmcorumba.agoranoar.com.br\/index.php\/wp-json\/wp\/v2\/tags?post=11756540"}],"curies":[{"name":"wp","href":"https:\/\/api.w.org\/{rel}","templated":true}]}}