{"id":11756519,"date":"2026-07-23T07:50:06","date_gmt":"2026-07-23T11:50:06","guid":{"rendered":"https:\/\/grupopantanalms.com.br\/?p=11756519"},"modified":"2026-07-23T07:50:06","modified_gmt":"2026-07-23T11:50:06","slug":"mau-tempo-suspende-cerimonia-de-uniao-da-ponte-bioceanica-em-porto-murtinho","status":"publish","type":"post","link":"https:\/\/bandfmcorumba.agoranoar.com.br\/index.php\/2026\/07\/23\/mau-tempo-suspende-cerimonia-de-uniao-da-ponte-bioceanica-em-porto-murtinho\/","title":{"rendered":"Mau tempo suspende cerim\u00f4nia de uni\u00e3o da Ponte Bioce\u00e2nica em Porto Murtinho"},"content":{"rendered":"\n<p class=\"wp-block-paragraph\"><img loading=\"lazy\" decoding=\"async\" width=\"26\" height=\"26\" alt=\"\" src=\"https:\/\/folhams.com.br\/wp-content\/uploads\/2026\/02\/avatar-150x150.jpg\">Por<a href=\"https:\/\/folhams.com.br\/author\/erik-silva\/\">Erik Silva<\/a><\/p>\n\n\n\n\n\n<p class=\"wp-block-paragraph\">A cerim\u00f4nia de uni\u00e3o da Ponte Bioce\u00e2nica prevista para esta quinta-feira (23) em Porto Murtinho foi suspensa por causa do mau tempo e ainda n\u00e3o tem nova data definida.<\/p>\n\n\n\n<p class=\"wp-block-paragraph\">O comunicado da Dire\u00e7\u00e3o de Protocolo do governo paraguaio encaminhado aos convidados traz a justificativa. \u201cCumpro informar, por meio da Dire\u00e7\u00e3o de Protocolo, que a visita t\u00e9cnica e a cerim\u00f4nia de uni\u00e3o da Ponte Bioce\u00e2nica foram suspensas em raz\u00e3o das condi\u00e7\u00f5es clim\u00e1ticas. O mau tempo impossibilita o pouso das aeronaves e o acesso \u00e0 ponte nesta quinta-feira (23 de julho)\u201d.<\/p>\n\n\n\n<p class=\"wp-block-paragraph\">Porto Murtinho amanheceu coberta por forte nevoeiro nesta quarta-feira (22) e registrou queda brusca de temperatura, passando de 36\u00b0C para 19\u00b0C em poucas horas, situa\u00e7\u00e3o que tornou invi\u00e1veis os pousos e o acesso terrestre \u00e0 estrutura.<\/p>\n\n\n\n<p class=\"wp-block-paragraph\">A solenidade teria o car\u00e1ter simb\u00f3lico de marcar o in\u00edcio da&nbsp;<a href=\"https:\/\/folhams.com.br\/2026\/07\/03\/ponte-bioceanica-reta-final-uniao-brasil-paraguai\/\" target=\"_blank\" rel=\"noreferrer noopener\">etapa final da constru\u00e7\u00e3o<\/a>&nbsp;poucos dias depois do&nbsp;<a href=\"https:\/\/folhams.com.br\/2026\/07\/16\/ponte-bioceanica-une-margens-rio-paraguai\/\" target=\"_blank\" rel=\"noreferrer noopener\">encontro das aduelas<\/a>, quando&nbsp;<a href=\"https:\/\/folhams.com.br\/2026\/07\/14\/brasil-paraguai-unem-estruturas-ponte-bioceanica-rio-paraguai\/\" target=\"_blank\" rel=\"noreferrer noopener\">os dois lados da ponte foram unidos<\/a>&nbsp;sobre o Rio Paraguai em 15 de julho. Havia expectativa de participa\u00e7\u00e3o do presidente do Paraguai na cerim\u00f4nia organizada pelo governo paraguaio.<\/p>\n\n\n\n<h3 class=\"wp-block-heading\">Etapas finais da obra<\/h3>\n\n\n\n<p class=\"wp-block-paragraph\">A ponte ter\u00e1 1.294 metros de extens\u00e3o e 20,10 metros de largura e ligar\u00e1 Porto Murtinho, no Mato Grosso do Sul, a Carmelo Peralta, no Paraguai. A estrutura ser\u00e1 a maior liga\u00e7\u00e3o rodovi\u00e1ria entre Brasil e Paraguai, superando a Ponte da Amizade e a Ponte da Integra\u00e7\u00e3o, e integra a Rota Bioce\u00e2nica que pretende conectar o Centro Oeste brasileiro aos portos do Oceano Pac\u00edfico.<\/p>\n\n\n\n<p class=\"wp-block-paragraph\">Restam servi\u00e7os de concretagem, instala\u00e7\u00e3o de sistemas de ilumina\u00e7\u00e3o e sinaliza\u00e7\u00e3o, dispositivos de seguran\u00e7a, acabamentos e a conclus\u00e3o dos acessos rodovi\u00e1rios em ambos os lados, etapas que antecedem a libera\u00e7\u00e3o completa da via. At\u00e9 a publica\u00e7\u00e3o desta reportagem, os organizadores n\u00e3o haviam informado nova data para a visita t\u00e9cnica e a cerim\u00f4nia oficial.<\/p>\n","protected":false},"excerpt":{"rendered":"<p>PorErik Silva A cerim\u00f4nia de uni\u00e3o da Ponte Bioce\u00e2nica prevista para esta quinta-feira (23) em Porto Murtinho foi suspensa por causa do mau tempo e ainda n\u00e3o tem nova data definida. O comunicado da Dire\u00e7\u00e3o de Protocolo do governo paraguaio encaminhado aos convidados traz a justificativa. \u201cCumpro informar, por meio da Dire\u00e7\u00e3o de Protocolo, que [&hellip;]<\/p>\n","protected":false},"author":1,"featured_media":11756520,"comment_status":"closed","ping_status":"open","sticky":false,"template":"","format":"standard","meta":{"footnotes":""},"categories":[3,6],"tags":[],"class_list":["post-11756519","post","type-post","status-publish","format-standard","has-post-thumbnail","hentry","category-destaque","category-internacional"],"_links":{"self":[{"href":"https:\/\/bandfmcorumba.agoranoar.com.br\/index.php\/wp-json\/wp\/v2\/posts\/11756519","targetHints":{"allow":["GET"]}}],"collection":[{"href":"https:\/\/bandfmcorumba.agoranoar.com.br\/index.php\/wp-json\/wp\/v2\/posts"}],"about":[{"href":"https:\/\/bandfmcorumba.agoranoar.com.br\/index.php\/wp-json\/wp\/v2\/types\/post"}],"author":[{"embeddable":true,"href":"https:\/\/bandfmcorumba.agoranoar.com.br\/index.php\/wp-json\/wp\/v2\/users\/1"}],"replies":[{"embeddable":true,"href":"https:\/\/bandfmcorumba.agoranoar.com.br\/index.php\/wp-json\/wp\/v2\/comments?post=11756519"}],"version-history":[{"count":0,"href":"https:\/\/bandfmcorumba.agoranoar.com.br\/index.php\/wp-json\/wp\/v2\/posts\/11756519\/revisions"}],"wp:attachment":[{"href":"https:\/\/bandfmcorumba.agoranoar.com.br\/index.php\/wp-json\/wp\/v2\/media?parent=11756519"}],"wp:term":[{"taxonomy":"category","embeddable":true,"href":"https:\/\/bandfmcorumba.agoranoar.com.br\/index.php\/wp-json\/wp\/v2\/categories?post=11756519"},{"taxonomy":"post_tag","embeddable":true,"href":"https:\/\/bandfmcorumba.agoranoar.com.br\/index.php\/wp-json\/wp\/v2\/tags?post=11756519"}],"curies":[{"name":"wp","href":"https:\/\/api.w.org\/{rel}","templated":true}]}}