{"id":11756516,"date":"2026-07-23T07:48:16","date_gmt":"2026-07-23T11:48:16","guid":{"rendered":"https:\/\/grupopantanalms.com.br\/?p=11756516"},"modified":"2026-07-23T07:48:16","modified_gmt":"2026-07-23T11:48:16","slug":"autopsia-aponta-execucao-de-dois-policiais-paraguaios-apos-ataque-a-posto-policial","status":"publish","type":"post","link":"https:\/\/bandfmcorumba.agoranoar.com.br\/index.php\/2026\/07\/23\/autopsia-aponta-execucao-de-dois-policiais-paraguaios-apos-ataque-a-posto-policial\/","title":{"rendered":"Aut\u00f3psia aponta execu\u00e7\u00e3o de dois policiais paraguaios ap\u00f3s ataque a posto policial"},"content":{"rendered":"\n<p class=\"wp-block-paragraph\"><img loading=\"lazy\" decoding=\"async\" width=\"26\" height=\"26\" alt=\"\" src=\"https:\/\/folhams.com.br\/wp-content\/uploads\/2026\/02\/avatar-150x150.jpg\">Por<a href=\"https:\/\/folhams.com.br\/author\/erik-silva\/\">Erik Silva<\/a><\/p>\n\n\n\n\n\n<p class=\"wp-block-paragraph\">A aut\u00f3psia divulgada pelo jornal ABC Color nesta quarta-feira mostra que os dois policiais assassinados no ataque ao posto da Pol\u00edcia Nacional na Col\u00f4nia Naranjito, a cerca de 30 quil\u00f4metros de&nbsp;<a href=\"https:\/\/folhams.com.br\/2026\/07\/22\/suspeito-morto-confronto-sete-quedas\/\" target=\"_blank\" rel=\"noreferrer noopener\">Sete Quedas<\/a>, foram mortos a queima roupa depois de terem sido rendidos pelos criminosos.<\/p>\n\n\n\n<p class=\"wp-block-paragraph\">Conforme o legista Pablo Lemir, o suboficial inspetor Herminio Ojeda Gonz\u00e1lez, 33 anos, morreu com um tiro disparado dentro da boca e apresentava res\u00edduos de p\u00f3lvora na l\u00edngua indicando disparo com o cano encostado, al\u00e9m de ter sido atingido anteriormente por tr\u00eas tiros nas costas que provocaram hemorragia pulmonar.<\/p>\n\n\n\n<p class=\"wp-block-paragraph\">O suboficial major Atilio Mart\u00ednez Barrios, 40 anos, sofreu primeiro um tiro na regi\u00e3o da axila direita que rompeu vasos e perfurou o cora\u00e7\u00e3o e em seguida levou um tiro na cabe\u00e7a efetuado a curta dist\u00e2ncia.<\/p>\n\n\n\n<p class=\"wp-block-paragraph\">Al\u00e9m dos dois policiais morreu o funcion\u00e1rio civil Josemar Escobar Piris, 37 anos, cuja per\u00edcia n\u00e3o foi divulgada at\u00e9 a publica\u00e7\u00e3o do laudo, e os peritos registraram queimaduras de segundo e terceiro graus na parte frontal dos corpos com uniformes parcialmente aderidos \u00e0 pele, sendo necess\u00e1rio apurar se os corpos foram movidos antes do inc\u00eandio.<\/p>\n\n\n\n<p class=\"wp-block-paragraph\">O ataque ocorreu na noite de ter\u00e7a-feira quando entre 20 e 30 homens armados invadiram o posto, abriram fogo e incendiaram o pr\u00e9dio e quatro ve\u00edculos com coquet\u00e9is molotov e um quarto agente conseguiu escapar ao fingir estar morto e fugir para uma \u00e1rea de mata.<\/p>\n\n\n\n<p class=\"wp-block-paragraph\">Cartuchos deflagrados de calibres 5,56 e 7,62 foram recolhidos pelos peritos e testemunhas relataram que o bando usava roupas camufladas semelhantes a uniformes militares do Paraguai, e as autoridades seguem com a per\u00edcia e as investiga\u00e7\u00f5es para identificar os respons\u00e1veis.<\/p>\n","protected":false},"excerpt":{"rendered":"<p>PorErik Silva A aut\u00f3psia divulgada pelo jornal ABC Color nesta quarta-feira mostra que os dois policiais assassinados no ataque ao posto da Pol\u00edcia Nacional na Col\u00f4nia Naranjito, a cerca de 30 quil\u00f4metros de&nbsp;Sete Quedas, foram mortos a queima roupa depois de terem sido rendidos pelos criminosos. Conforme o legista Pablo Lemir, o suboficial inspetor Herminio [&hellip;]<\/p>\n","protected":false},"author":1,"featured_media":11756517,"comment_status":"closed","ping_status":"open","sticky":false,"template":"","format":"standard","meta":{"footnotes":""},"categories":[2,3],"tags":[],"class_list":["post-11756516","post","type-post","status-publish","format-standard","has-post-thumbnail","hentry","category-corumba","category-destaque"],"_links":{"self":[{"href":"https:\/\/bandfmcorumba.agoranoar.com.br\/index.php\/wp-json\/wp\/v2\/posts\/11756516","targetHints":{"allow":["GET"]}}],"collection":[{"href":"https:\/\/bandfmcorumba.agoranoar.com.br\/index.php\/wp-json\/wp\/v2\/posts"}],"about":[{"href":"https:\/\/bandfmcorumba.agoranoar.com.br\/index.php\/wp-json\/wp\/v2\/types\/post"}],"author":[{"embeddable":true,"href":"https:\/\/bandfmcorumba.agoranoar.com.br\/index.php\/wp-json\/wp\/v2\/users\/1"}],"replies":[{"embeddable":true,"href":"https:\/\/bandfmcorumba.agoranoar.com.br\/index.php\/wp-json\/wp\/v2\/comments?post=11756516"}],"version-history":[{"count":0,"href":"https:\/\/bandfmcorumba.agoranoar.com.br\/index.php\/wp-json\/wp\/v2\/posts\/11756516\/revisions"}],"wp:attachment":[{"href":"https:\/\/bandfmcorumba.agoranoar.com.br\/index.php\/wp-json\/wp\/v2\/media?parent=11756516"}],"wp:term":[{"taxonomy":"category","embeddable":true,"href":"https:\/\/bandfmcorumba.agoranoar.com.br\/index.php\/wp-json\/wp\/v2\/categories?post=11756516"},{"taxonomy":"post_tag","embeddable":true,"href":"https:\/\/bandfmcorumba.agoranoar.com.br\/index.php\/wp-json\/wp\/v2\/tags?post=11756516"}],"curies":[{"name":"wp","href":"https:\/\/api.w.org\/{rel}","templated":true}]}}